{"id":1157,"date":"2023-07-31T09:34:40","date_gmt":"2023-07-31T12:34:40","guid":{"rendered":"https:\/\/wp.ufpel.edu.br\/fisioterapia\/?p=1157"},"modified":"2023-07-31T09:34:40","modified_gmt":"2023-07-31T12:34:40","slug":"participe-do-42o-simposio-nacional-de-educacao-fisica-e-3o-encontro-de-fisioterapia","status":"publish","type":"post","link":"https:\/\/wp.ufpel.edu.br\/fisioterapia\/2023\/07\/31\/participe-do-42o-simposio-nacional-de-educacao-fisica-e-3o-encontro-de-fisioterapia\/","title":{"rendered":"Participe do 42\u00ba Simp\u00f3sio Nacional de Educa\u00e7\u00e3o F\u00edsica e 3\u00ba Encontro de Fisioterapia"},"content":{"rendered":"\n<p><\/p>\n\n\n\n<h5 class=\"wp-block-heading\"><\/h5>\n\n\n\n<p>De 24 a 26 de agosto de 2023 ocorrer\u00e1 na ESEF o 42\u00b0 Simp\u00f3sio Nacional de Educa\u00e7\u00e3o F\u00edsica e o 3\u00b0 Encontro de Fisioterapia<\/p>\n\n\n\n<p>Confira a programa\u00e7\u00e3o completa no link abaixo:<\/p>\n\n\n\n<p><a href=\"https:\/\/www.sympla.com.br\/42-simposio-nacional-de-educacao-fisica-e-3-encontro-de-fisioterapia__2077614\">https:\/\/www.sympla.com.br\/42-simposio-nacional-de-educacao-fisica-e-3-encontro-de-fisioterapia__2077614<\/a><\/p>\n\n\n\n<div class=\"wp-block-group\"><div class=\"wp-block-group__inner-container is-layout-constrained wp-block-group-is-layout-constrained\">\n<div class=\"wp-block-group\"><div class=\"wp-block-group__inner-container is-layout-constrained wp-block-group-is-layout-constrained\">\n<div class=\"wp-block-group\"><div class=\"wp-block-group__inner-container is-layout-constrained wp-block-group-is-layout-constrained\">\n<div class=\"wp-block-columns are-vertically-aligned-top is-layout-flex wp-container-core-columns-is-layout-9d6595d7 wp-block-columns-is-layout-flex\">\n<div class=\"wp-block-column is-vertically-aligned-top is-layout-flow wp-block-column-is-layout-flow\" style=\"flex-basis:100%\">\n<div class=\"wp-block-group\"><div class=\"wp-block-group__inner-container is-layout-constrained wp-block-group-is-layout-constrained\">\n<div class=\"wp-block-group\"><div class=\"wp-block-group__inner-container is-layout-constrained wp-block-group-is-layout-constrained\"><div class=\"wp-block-image\">\n<figure class=\"alignleft\"><a href=\"https:\/\/wp.ufpel.edu.br\/esef\/files\/2023\/07\/WhatsApp-Image-2023-07-19-at-10.16.44-1.jpeg\"><img src=\"https:\/\/wp.ufpel.edu.br\/esef\/files\/2023\/07\/WhatsApp-Image-2023-07-19-at-10.16.44-1-400x343.jpeg\" alt=\"\" class=\"wp-image-4727\"\/><\/a><\/figure>\n<\/div><\/div><\/div>\n\n\n\n<figure class=\"wp-block-image size-full\"><img width=\"400\" height=\"343\" src=\"https:\/\/wp.ufpel.edu.br\/fisioterapia\/files\/2023\/07\/programacao.jpeg\" alt=\"\" class=\"wp-image-1160\"\/><\/figure>\n<\/div><\/div>\n<\/div>\n<\/div>\n<\/div><\/div>\n<\/div><\/div>\n<\/div><\/div>\n","protected":false},"excerpt":{"rendered":"<p>De 24 a 26 de agosto de 2023 ocorrer\u00e1 na ESEF o 42\u00b0 Simp\u00f3sio Nacional de Educa\u00e7\u00e3o F\u00edsica e o 3\u00b0 Encontro de Fisioterapia Confira a programa\u00e7\u00e3o completa no link abaixo: https:\/\/www.sympla.com.br\/42-simposio-nacional-de-educacao-fisica-e-3-encontro-de-fisioterapia__2077614<\/p>\n","protected":false},"author":982,"featured_media":0,"comment_status":"closed","ping_status":"closed","sticky":false,"template":"","format":"standard","meta":{"jetpack_post_was_ever_published":false,"_jetpack_newsletter_access":"","_jetpack_dont_email_post_to_subs":false,"_jetpack_newsletter_tier_id":0,"_jetpack_memberships_contains_paywalled_content":false,"_jetpack_memberships_contains_paid_content":false,"footnotes":""},"categories":[15],"tags":[],"class_list":["post-1157","post","type-post","status-publish","format-standard","hentry","category-sem-categoria-pt"],"jetpack_featured_media_url":"","jetpack_sharing_enabled":true,"_links":{"self":[{"href":"https:\/\/wp.ufpel.edu.br\/fisioterapia\/wp-json\/wp\/v2\/posts\/1157","targetHints":{"allow":["GET"]}}],"collection":[{"href":"https:\/\/wp.ufpel.edu.br\/fisioterapia\/wp-json\/wp\/v2\/posts"}],"about":[{"href":"https:\/\/wp.ufpel.edu.br\/fisioterapia\/wp-json\/wp\/v2\/types\/post"}],"author":[{"embeddable":true,"href":"https:\/\/wp.ufpel.edu.br\/fisioterapia\/wp-json\/wp\/v2\/users\/982"}],"replies":[{"embeddable":true,"href":"https:\/\/wp.ufpel.edu.br\/fisioterapia\/wp-json\/wp\/v2\/comments?post=1157"}],"version-history":[{"count":2,"href":"https:\/\/wp.ufpel.edu.br\/fisioterapia\/wp-json\/wp\/v2\/posts\/1157\/revisions"}],"predecessor-version":[{"id":1161,"href":"https:\/\/wp.ufpel.edu.br\/fisioterapia\/wp-json\/wp\/v2\/posts\/1157\/revisions\/1161"}],"wp:attachment":[{"href":"https:\/\/wp.ufpel.edu.br\/fisioterapia\/wp-json\/wp\/v2\/media?parent=1157"}],"wp:term":[{"taxonomy":"category","embeddable":true,"href":"https:\/\/wp.ufpel.edu.br\/fisioterapia\/wp-json\/wp\/v2\/categories?post=1157"},{"taxonomy":"post_tag","embeddable":true,"href":"https:\/\/wp.ufpel.edu.br\/fisioterapia\/wp-json\/wp\/v2\/tags?post=1157"}],"curies":[{"name":"wp","href":"https:\/\/api.w.org\/{rel}","templated":true}]}}