{"id":901,"date":"2015-04-01T21:52:10","date_gmt":"2015-04-02T00:52:10","guid":{"rendered":"https:\/\/wp.ufpel.edu.br\/filosofiaead\/?p=901"},"modified":"2015-04-02T12:51:08","modified_gmt":"2015-04-02T15:51:08","slug":"filosofia-no-debate-sobre-ead-na-ufpel","status":"publish","type":"post","link":"https:\/\/wp.ufpel.edu.br\/filosofiaead\/2015\/04\/01\/filosofia-no-debate-sobre-ead-na-ufpel\/","title":{"rendered":"Filosofia no debate  sobre EAD na UFPel"},"content":{"rendered":"<div id=\"attachment_902\" style=\"width: 269px\" class=\"wp-caption alignnone\"><a href=\"https:\/\/i0.wp.com\/wp.ufpel.edu.br\/filosofiaead\/files\/2015\/04\/Semin%C3%A1rio-EAD-2.jpg?ssl=1\"><img data-recalc-dims=\"1\" aria-describedby=\"caption-attachment-902\" class=\" wp-image-902\" src=\"https:\/\/i0.wp.com\/wp.ufpel.edu.br\/filosofiaead\/files\/2015\/04\/Semin%C3%A1rio-EAD-2.jpg?resize=259%2C172&#038;ssl=1\" alt=\"Semin\u00e1rio sobre educa\u00e7\u00e3o a dist\u00e2ncia \" width=\"259\" height=\"172\" srcset=\"https:\/\/i0.wp.com\/wp.ufpel.edu.br\/filosofiaead\/files\/2015\/04\/Semin%C3%A1rio-EAD-2.jpg?resize=424%2C281&amp;ssl=1 424w, https:\/\/i0.wp.com\/wp.ufpel.edu.br\/filosofiaead\/files\/2015\/04\/Semin%C3%A1rio-EAD-2.jpg?resize=212%2C140&amp;ssl=1 212w, https:\/\/i0.wp.com\/wp.ufpel.edu.br\/filosofiaead\/files\/2015\/04\/Semin%C3%A1rio-EAD-2.jpg?resize=453%2C300&amp;ssl=1 453w, https:\/\/i0.wp.com\/wp.ufpel.edu.br\/filosofiaead\/files\/2015\/04\/Semin%C3%A1rio-EAD-2.jpg?w=1631&amp;ssl=1 1631w\" sizes=\"(max-width: 259px) 100vw, 259px\" \/><\/a><p id=\"caption-attachment-902\" class=\"wp-caption-text\">Semin\u00e1rio sobre educa\u00e7\u00e3o a dist\u00e2ncia<\/p><\/div>\n<p><span style=\"color: #000000;font-size: large\"><b>\u00a0 \u00a0 \u00a0 \u00a0 \u00a0 \u00a0<\/b><\/span><b>D<\/b><span style=\"font-size: medium\">ia 23 deste m\u00eas acontecer\u00e1 a segunda etapa do 1<\/span><sup>o<\/sup><span style=\"font-size: medium\"> Semin\u00e1rio de Educa\u00e7\u00e3o a Dist\u00e2ncia na UFPel. Conforme o professor Juliano do Carmo \u2013 coordenador do curso de licenciatura em Filosofia a Dist\u00e2ncia (CLFD\/UFPel) -, que integra a comiss\u00e3o organizadora, o evento proporcionar\u00e1 \u201cdiscuss\u00e3o aberta sobre os desafios estruturais para a expans\u00e3o da EAD na UFPel\u201d. O encontro, acrescenta o coordenador do CLFD, preceder\u00e1 o f\u00f3rum programado para os dias 5 e 6 de maio. No f\u00f3rum haver\u00e1 participa\u00e7\u00e3o de docentes de institui\u00e7\u00f5es que tamb\u00e9m oferecem a modalidade. Como local, a Ag\u00eancia da Lagoa Mirim. O encerramento acontecer\u00e1 dia 11 de maio, quando ser\u00e3o definidos encaminhamentos e \u201ctra\u00e7ado o planejamento de a\u00e7\u00f5es para o segmento\u201d.<\/span><\/p>\n<p><span style=\"color: #000000\"><span style=\"font-family: Arial, sans-serif\"><span style=\"font-size: medium\"><b>\u00a0 \u00a0 \u00a0 \u00a0 \u00a0 \u00a0 \u00a0ABERTURA<\/b> do Semin\u00e1rio ocorreu nesta quarta-feira. No audit\u00f3rio da Reitoria da UFPel, pela manh\u00e3 e tarde, coordenadores dos cursos de filosofia, espanhol, pedagogia, matem\u00e1tica e educa\u00e7\u00e3o do campo, explanaram acerca das respectivas demandas. De acordo com o prof. Juliano, a primeira etapa serviu para \u201clan\u00e7ar as bases para uma discuss\u00e3o mais ampla sobre o futuro da educa\u00e7\u00e3o a dist\u00e2ncia na UFPel\u201d.<\/span><\/span><\/span><\/p>\n<p><span style=\"color: #000000\"><span style=\"font-family: Arial, sans-serif\"><span style=\"font-size: medium\"><b>\u00a0 \u00a0 \u00a0 \u00a0 \u00a0 \u00a0 EVENTO <\/b><\/span><\/span><span style=\"font-family: Arial, sans-serif\"><span style=\"font-size: medium\">sob a condu\u00e7\u00e3o da professora Afra de Sousa \u2013 coordenadora de ensino e curr\u00edculo da Pr\u00f3-Reitoria de Gradua\u00e7\u00e3o (PRG), teve manifesta\u00e7\u00f5es do reitor Mauro Del Pino, vice-reitora Denise Gigante, pr\u00f3-reitor de gradua\u00e7\u00e3o \u00c1lvaro Hyp\u00f3lito, Silvia Prietsch &#8211; Coordena\u00e7\u00e3o de Programas de Educa\u00e7\u00e3o a Dist\u00e2ncia (CPED) -, e Luiz Alberto Brettas \u2013 coordenador da Universidade Aberta do Brasil (UAB) na UFPel. <\/span><\/span><\/span><\/p>\n<p><span style=\"color: #000000\"><span style=\"font-family: Arial, sans-serif\"><span style=\"font-size: medium\"><b>\u00a0 \u00a0 \u00a0 \u00a0 \u00a0 REITOR<\/b> salientou que \u00e9 necess\u00e1rio \u201cpensar uma educa\u00e7\u00e3o integral e integrada\u201d. No semin\u00e1rio, tamb\u00e9m as participa\u00e7\u00f5es dos docentes Evandro Barbosa, Kelin Valeir\u00e3o e Fl\u00e1via Chagas, que integram o CLFD. <\/span><\/span><\/span><\/p>\n<p>&nbsp;<\/p>\n","protected":false},"excerpt":{"rendered":"<p>\u00a0 \u00a0 \u00a0 \u00a0 \u00a0 \u00a0Dia 23 deste m\u00eas acontecer\u00e1 a segunda etapa do 1o Semin\u00e1rio de Educa\u00e7\u00e3o a Dist\u00e2ncia na UFPel. Conforme o professor Juliano do Carmo \u2013 coordenador do curso de licenciatura em Filosofia a Dist\u00e2ncia (CLFD\/UFPel) -, que integra a comiss\u00e3o organizadora, o evento proporcionar\u00e1 \u201cdiscuss\u00e3o aberta sobre os desafios estruturais para [&hellip;]<\/p>\n","protected":false},"author":357,"featured_media":902,"comment_status":"closed","ping_status":"closed","sticky":false,"template":"","format":"standard","meta":{"jetpack_post_was_ever_published":false,"_jetpack_newsletter_access":"","_jetpack_dont_email_post_to_subs":false,"_jetpack_newsletter_tier_id":0,"_jetpack_memberships_contains_paywalled_content":false,"_jetpack_memberships_contains_paid_content":false,"footnotes":"","jetpack_publicize_message":"","jetpack_publicize_feature_enabled":true,"jetpack_social_post_already_shared":false,"jetpack_social_options":{"image_generator_settings":{"template":"highway","default_image_id":0,"font":"","enabled":false},"version":2}},"categories":[18],"tags":[],"class_list":["post-901","post","type-post","status-publish","format-standard","has-post-thumbnail","hentry","category-sem-categoria"],"jetpack_publicize_connections":[],"jetpack_featured_media_url":"https:\/\/i0.wp.com\/wp.ufpel.edu.br\/filosofiaead\/files\/2015\/04\/Semin%C3%A1rio-EAD-2.jpg?fit=1631%2C1080&ssl=1","jetpack_sharing_enabled":true,"jetpack_shortlink":"https:\/\/wp.me\/p6RZ2P-ex","publishpress_future_action":{"enabled":false,"date":"2026-05-04 14:48:29","action":"change-status","newStatus":"draft","terms":[],"taxonomy":"category","extraData":[]},"publishpress_future_workflow_manual_trigger":{"enabledWorkflows":[]},"_links":{"self":[{"href":"https:\/\/wp.ufpel.edu.br\/filosofiaead\/wp-json\/wp\/v2\/posts\/901","targetHints":{"allow":["GET"]}}],"collection":[{"href":"https:\/\/wp.ufpel.edu.br\/filosofiaead\/wp-json\/wp\/v2\/posts"}],"about":[{"href":"https:\/\/wp.ufpel.edu.br\/filosofiaead\/wp-json\/wp\/v2\/types\/post"}],"author":[{"embeddable":true,"href":"https:\/\/wp.ufpel.edu.br\/filosofiaead\/wp-json\/wp\/v2\/users\/357"}],"replies":[{"embeddable":true,"href":"https:\/\/wp.ufpel.edu.br\/filosofiaead\/wp-json\/wp\/v2\/comments?post=901"}],"version-history":[{"count":3,"href":"https:\/\/wp.ufpel.edu.br\/filosofiaead\/wp-json\/wp\/v2\/posts\/901\/revisions"}],"predecessor-version":[{"id":905,"href":"https:\/\/wp.ufpel.edu.br\/filosofiaead\/wp-json\/wp\/v2\/posts\/901\/revisions\/905"}],"wp:featuredmedia":[{"embeddable":true,"href":"https:\/\/wp.ufpel.edu.br\/filosofiaead\/wp-json\/wp\/v2\/media\/902"}],"wp:attachment":[{"href":"https:\/\/wp.ufpel.edu.br\/filosofiaead\/wp-json\/wp\/v2\/media?parent=901"}],"wp:term":[{"taxonomy":"category","embeddable":true,"href":"https:\/\/wp.ufpel.edu.br\/filosofiaead\/wp-json\/wp\/v2\/categories?post=901"},{"taxonomy":"post_tag","embeddable":true,"href":"https:\/\/wp.ufpel.edu.br\/filosofiaead\/wp-json\/wp\/v2\/tags?post=901"}],"curies":[{"name":"wp","href":"https:\/\/api.w.org\/{rel}","templated":true}]}}