{"id":159,"date":"2014-02-14T00:43:24","date_gmt":"2014-02-14T02:43:24","guid":{"rendered":"https:\/\/wp.ufpel.edu.br\/filosofiaead\/?p=159"},"modified":"2014-02-18T22:11:05","modified_gmt":"2014-02-19T01:11:05","slug":"universidade-aberta-do-brasil-na-capes-expansao-com-qualidade","status":"publish","type":"post","link":"https:\/\/wp.ufpel.edu.br\/filosofiaead\/2014\/02\/14\/universidade-aberta-do-brasil-na-capes-expansao-com-qualidade\/","title":{"rendered":"Universidade Aberta do Brasil na CAPES: Expans\u00e3o com Qualidade"},"content":{"rendered":"<p align=\"center\">\n<p align=\"center\"><a href=\"https:\/\/i0.wp.com\/wp.ufpel.edu.br\/filosofiaead\/files\/2014\/02\/download1.jpg?ssl=1\"><img data-recalc-dims=\"1\" class=\"alignnone size-full wp-image-374\" alt=\"download\" src=\"https:\/\/i0.wp.com\/wp.ufpel.edu.br\/filosofiaead\/files\/2014\/02\/download1.jpg?resize=222%2C227&#038;ssl=1\" width=\"222\" height=\"227\" srcset=\"https:\/\/i0.wp.com\/wp.ufpel.edu.br\/filosofiaead\/files\/2014\/02\/download1.jpg?w=222&amp;ssl=1 222w, https:\/\/i0.wp.com\/wp.ufpel.edu.br\/filosofiaead\/files\/2014\/02\/download1.jpg?resize=155%2C159&amp;ssl=1 155w\" sizes=\"(max-width: 222px) 100vw, 222px\" \/><\/a><\/p>\n<p align=\"center\"><b style=\"line-height: 1.5em\">Universidade Aberta do Brasil na\u00a0<\/b><b style=\"line-height: 1.5em\">CAPES<\/b><b style=\"line-height: 1.5em\">: Expans\u00e3o com Qualidade<\/b><\/p>\n<p align=\"right\"><b>Jo\u00e3o Carlos Teatini (*)<\/b><\/p>\n<p>No dia 11 de dezembro de 2013, na sede da Coordena\u00e7\u00e3o de Aperfei\u00e7oamento de Pessoal de N\u00edvel Superior, durante a solenidade de entrega dos Pr\u00eamios CAPES de Teses 2013, o ministro da Educa\u00e7\u00e3o, Aloizio Mercadante, enfatizou o imenso desafio que \u00e9 a educa\u00e7\u00e3o brasileira:\u00a0<i>&#8220;Temos um atraso hist\u00f3rico muito grande. A expans\u00e3o do ensino superior com qualidade \u00e9 indispens\u00e1vel para dar oportunidade a todos que querem estudar e crescer. (&#8230;) Precisamos evoluir na educa\u00e7\u00e3o para permitir uma inclus\u00e3o social sustent\u00e1vel.&#8221;<\/i><\/p>\n<p>Ao final de seu pronunciamento, descrevendo as a\u00e7\u00f5es do MEC para superar os desafios da forma\u00e7\u00e3o superior, Mercadante destacou\u00a0<i>\u201ca CAPES e o seu programa Universidade Aberta do Brasil, com cerca de 350 mil matr\u00edculas\u201d<\/i>\u00a0como o principal instrumento da expans\u00e3o com qualidade, em especial pela modalidade de educa\u00e7\u00e3o a dist\u00e2ncia (EaD), um imperativo em um Pa\u00eds com as nossas caracter\u00edsticas.<\/p>\n<p>Essa men\u00e7\u00e3o do Ministro, num momento da relev\u00e2ncia da entrega dos Pr\u00eamios, soa como uma declara\u00e7\u00e3o que o Sistema UAB espera h\u00e1 meses, em termos do fomento e sustentabilidade futura na CAPES. Tal fato ratifica, ainda, afirma\u00e7\u00e3o anterior de Mercadante, de n\u00e3o ser poss\u00edvel\u00a0<i>\u201catender a expans\u00e3o da demanda por ensino superior no Brasil a n\u00e3o ser pela educa\u00e7\u00e3o a dist\u00e2ncia\u201d.<\/i>\u00a0Como confirma\u00e7\u00e3o, as duas chamadas p\u00fablicas da UAB em 2013 somaram uma oferta de quase 150 mil vagas, para entradas no 2\u00ba. Semestre e em 2014, o que poder\u00e1, no pr\u00f3ximo ano, conduzir a um montante de meio milh\u00e3o de alunos, 40% do total da EaD superior no Brasil!<\/p>\n<p>Menos de um m\u00eas antes, na abertura do Encontro Nacional de Polos da UAB, o Secret\u00e1rio Executivo do MEC, Jos\u00e9 Henrique Paim, citou a excel\u00eancia da CAPES na p\u00f3s-gradua\u00e7\u00e3o como fator decisivo na atribui\u00e7\u00e3o do Sistema UAB a esta ag\u00eancia, explicando:\u00a0<i>&#8220;N\u00e3o tenho d\u00favidas de que se a CAPES n\u00e3o tivesse trilhado esse caminho, n\u00e3o chegar\u00edamos \u00e0 situa\u00e7\u00e3o que estamos hoje, fazendo este evento, que vai discutir o que j\u00e1 foi conquistado e, ao mesmo tempo, refletir no que \u00e9 preciso fazer para melhorar e ampliar este sistema&#8221;.<\/i><\/p>\n<p>Esse Encontro em Bras\u00edlia veio concluir um roteiro de sete Encontros Regionais com mais de mil participantes &#8211; coordenadores e mantenedores de Polos &#8211; munic\u00edpios, estados e institui\u00e7\u00f5es de ensino superior (IES) p\u00fablicas integrantes da UAB, para discuss\u00f5es sobre a gest\u00e3o e integra\u00e7\u00e3o do Sistema, trocas de experi\u00eancias e o compartilhamento de estudos sobre EaD.<\/p>\n<p>As palavras do Ministro e do Secret\u00e1rio Executivo s\u00e3o decisivas para coroar este final de 2013, em que o or\u00e7amento da Uni\u00e3o foi aprovado apenas em maio, gerando dificuldades na suplementa\u00e7\u00e3o de recursos de custeio \u00e0s IES formadoras de milhares de profissionais, em especial professores da educa\u00e7\u00e3o b\u00e1sica, pois elas, mais que parceiras da CAPES, s\u00e3o verdadeiras co-gestoras do Sistema UAB.<\/p>\n<p align=\"right\">Bras\u00edlia, 19 de dezembro de 2013<\/p>\n<p align=\"right\">(*) Diretor de Educa\u00e7\u00e3o a Dist\u00e2ncia &#8211; DED\/CAPES<\/p>\n","protected":false},"excerpt":{"rendered":"<p>Universidade Aberta do Brasil na\u00a0CAPES: Expans\u00e3o com Qualidade Jo\u00e3o Carlos Teatini (*) No dia 11 de dezembro de 2013, na sede da Coordena\u00e7\u00e3o de Aperfei\u00e7oamento de Pessoal de N\u00edvel Superior, durante a solenidade de entrega dos Pr\u00eamios CAPES de Teses 2013, o ministro da Educa\u00e7\u00e3o, Aloizio Mercadante, enfatizou o imenso desafio que \u00e9 a educa\u00e7\u00e3o [&hellip;]<\/p>\n","protected":false},"author":357,"featured_media":374,"comment_status":"closed","ping_status":"closed","sticky":false,"template":"","format":"standard","meta":{"jetpack_post_was_ever_published":false,"_jetpack_newsletter_access":"","_jetpack_dont_email_post_to_subs":false,"_jetpack_newsletter_tier_id":0,"_jetpack_memberships_contains_paywalled_content":false,"_jetpack_memberships_contains_paid_content":false,"footnotes":"","jetpack_publicize_message":"","jetpack_publicize_feature_enabled":true,"jetpack_social_post_already_shared":false,"jetpack_social_options":{"image_generator_settings":{"template":"highway","default_image_id":0,"font":"","enabled":false},"version":2}},"categories":[18],"tags":[],"class_list":["post-159","post","type-post","status-publish","format-standard","has-post-thumbnail","hentry","category-sem-categoria"],"jetpack_publicize_connections":[],"jetpack_featured_media_url":"https:\/\/i0.wp.com\/wp.ufpel.edu.br\/filosofiaead\/files\/2014\/02\/download1.jpg?fit=222%2C227&ssl=1","jetpack_sharing_enabled":true,"jetpack_shortlink":"https:\/\/wp.me\/p6RZ2P-2z","publishpress_future_action":{"enabled":false,"date":"2026-05-04 01:38:14","action":"change-status","newStatus":"draft","terms":[],"taxonomy":"category","extraData":[]},"publishpress_future_workflow_manual_trigger":{"enabledWorkflows":[]},"_links":{"self":[{"href":"https:\/\/wp.ufpel.edu.br\/filosofiaead\/wp-json\/wp\/v2\/posts\/159","targetHints":{"allow":["GET"]}}],"collection":[{"href":"https:\/\/wp.ufpel.edu.br\/filosofiaead\/wp-json\/wp\/v2\/posts"}],"about":[{"href":"https:\/\/wp.ufpel.edu.br\/filosofiaead\/wp-json\/wp\/v2\/types\/post"}],"author":[{"embeddable":true,"href":"https:\/\/wp.ufpel.edu.br\/filosofiaead\/wp-json\/wp\/v2\/users\/357"}],"replies":[{"embeddable":true,"href":"https:\/\/wp.ufpel.edu.br\/filosofiaead\/wp-json\/wp\/v2\/comments?post=159"}],"version-history":[{"count":3,"href":"https:\/\/wp.ufpel.edu.br\/filosofiaead\/wp-json\/wp\/v2\/posts\/159\/revisions"}],"predecessor-version":[{"id":375,"href":"https:\/\/wp.ufpel.edu.br\/filosofiaead\/wp-json\/wp\/v2\/posts\/159\/revisions\/375"}],"wp:featuredmedia":[{"embeddable":true,"href":"https:\/\/wp.ufpel.edu.br\/filosofiaead\/wp-json\/wp\/v2\/media\/374"}],"wp:attachment":[{"href":"https:\/\/wp.ufpel.edu.br\/filosofiaead\/wp-json\/wp\/v2\/media?parent=159"}],"wp:term":[{"taxonomy":"category","embeddable":true,"href":"https:\/\/wp.ufpel.edu.br\/filosofiaead\/wp-json\/wp\/v2\/categories?post=159"},{"taxonomy":"post_tag","embeddable":true,"href":"https:\/\/wp.ufpel.edu.br\/filosofiaead\/wp-json\/wp\/v2\/tags?post=159"}],"curies":[{"name":"wp","href":"https:\/\/api.w.org\/{rel}","templated":true}]}}