{"id":1219,"date":"2020-07-31T21:40:30","date_gmt":"2020-08-01T00:40:30","guid":{"rendered":"https:\/\/wp.ufpel.edu.br\/fentransporte\/?p=1219"},"modified":"2020-07-31T22:28:01","modified_gmt":"2020-08-01T01:28:01","slug":"simulacoes-da-trajetoria-da-nuvem-de-gafanhotos-uma-estimativa-ate-o-dia-2-8","status":"publish","type":"post","link":"https:\/\/wp.ufpel.edu.br\/fentransporte\/2020\/07\/31\/simulacoes-da-trajetoria-da-nuvem-de-gafanhotos-uma-estimativa-ate-o-dia-2-8\/","title":{"rendered":"Simula\u00e7\u00f5es da trajet\u00f3ria da nuvem de gafanhotos: uma estimativa at\u00e9 o dia 2\/8"},"content":{"rendered":"<p style=\"text-align: justify\">Os pesquisadores do GDISPEN t\u00eam apresentado simula\u00e7\u00f5es e estimativas da trajet\u00f3ria das nuvens de gafanhotos, da esp\u00e9cie <em>Schistocerca cancellata<\/em>, que est\u00e3o se deslocando pelo Paraguai e Argentina desde maio. Na p\u00e1gina do laborat\u00f3rio s\u00e3o encontrados os detalhes sobre o modelo utilizado e sobre o enxame (<a href=\"https:\/\/wp.ufpel.edu.br\/fentransporte\/2020\/07\/18\/simulacoes-da-trajetoria-da-nuvem-de-gafanhotos\/\">https:\/\/wp.ufpel.edu.br\/fentransporte\/2020\/07\/18\/simulacoes-da-trajetoria-da-nuvem-de-gafanhotos\/<\/a>).<\/p>\n<p style=\"text-align: justify\">At\u00e9 o momento, 4 nuvens de gafanhotos foram localizadas na Am\u00e9rica do Sul:<\/p>\n<ul style=\"text-align: justify\">\n<li>A\u00a0<strong>primeira nuvem<\/strong>, j\u00e1 acompanhada por esta pesquisa, foi localizada em maio, vinda do Paraguai para a Argentina e foi praticamente dizimada na \u00faltima semana (segundo reportagens, em 85%) em Federaci\u00f3n, divisa da Argentina com o Uruguai. O munic\u00edpio de Federaci\u00f3n fica a aproximadamente 90 km, em linha reta, de Barra do Quara\u00ed no RS. <u>N\u00e3o ser\u00e3o apresentadas simula\u00e7\u00f5es para esta nuvem, a menos que se confirme que a nuvem conseguiu se reagrupar.<\/u><\/li>\n<li>A <strong>segunda nuvem<\/strong> de gafanhotos foi localizada no Paraguai em 16\/7, na prov\u00edncia del Chaco, Argentina e se encontra atualmente em El Pintado. Simula\u00e7\u00f5es para esta nuvem foram apresentadas pelos pesquisadores no dia 22\/7, quando a nuvem estava em General G\u00fcemes, mas com a chegada do frio o enxame se manteve sem grandes deslocamentos desde ent\u00e3o. <u>Novas simula\u00e7\u00f5es s\u00e3o apresentadas<\/u>.<\/li>\n<li>A\u00a0<strong>terceira nuvem<\/strong> foi localizada pelo governo da Argentina em 21\/7 e se encontra em Ingeniero Ju\u00e1rez, prov\u00edncia de Formosa, na Argentina. <u>Passaremos a monitorar esta nuvem e as primeiras\u00a0simula\u00e7\u00f5es s\u00e3o apresentadas.<\/u><\/li>\n<li>Not\u00edcias sobre uma <strong>quarta nuvem<\/strong> surgiram no dia de hoje, mas ainda n\u00e3o se tem detalhes a respeito.<\/li>\n<\/ul>\n<p>&nbsp;<\/p>\n<p style=\"text-align: justify\">O modelo WRF foi utilizado para fazer a previs\u00e3o dos campos de vento, inicializada no dia 30\/7 as 12UTC at\u00e9 o dia 3\/08 as 12UTC (no hor\u00e1rio local, as 9h da manh\u00e3 do dia 30\/7 at\u00e9 as 9h da manh\u00e3 do dia 3\/8). Lembrando que os deslocamentos da nuvem s\u00e3o determinados em 80% dos casos pela dire\u00e7\u00e3o do vento e, que temperaturas acima de 20\u00b0C favorecem o voo dos insetos. S\u00e3o apresentados em conjunto os campos de temperatura em 850hPa e a 2m. A anima\u00e7\u00e3o contendo os campos de vento e as temperaturas para os dias em quest\u00e3o seguem abaixo. (Para visualizar a anima\u00e7\u00e3o clique nas figuras)<\/p>\n<p><a href=\"https:\/\/wp.ufpel.edu.br\/fentransporte\/files\/2020\/07\/Campo_Vento_01_02_agosto.gif\"><img loading=\"lazy\" decoding=\"async\" class=\"wp-image-1223 aligncenter\" src=\"https:\/\/wp.ufpel.edu.br\/fentransporte\/files\/2020\/07\/Campo_Vento_01_02_agosto-400x400.gif\" alt=\"\" width=\"513\" height=\"513\" srcset=\"https:\/\/wp.ufpel.edu.br\/fentransporte\/files\/2020\/07\/Campo_Vento_01_02_agosto-400x400.gif 400w, https:\/\/wp.ufpel.edu.br\/fentransporte\/files\/2020\/07\/Campo_Vento_01_02_agosto-200x200.gif 200w\" sizes=\"auto, (max-width: 513px) 100vw, 513px\" \/><\/a> <a href=\"https:\/\/wp.ufpel.edu.br\/fentransporte\/files\/2020\/07\/temperatura_rs_01_02_agosto.gif\"><img loading=\"lazy\" decoding=\"async\" class=\"alignnone wp-image-1224\" src=\"https:\/\/wp.ufpel.edu.br\/fentransporte\/files\/2020\/07\/temperatura_rs_01_02_agosto-400x400.gif\" alt=\"\" width=\"355\" height=\"355\" srcset=\"https:\/\/wp.ufpel.edu.br\/fentransporte\/files\/2020\/07\/temperatura_rs_01_02_agosto-400x400.gif 400w, https:\/\/wp.ufpel.edu.br\/fentransporte\/files\/2020\/07\/temperatura_rs_01_02_agosto-200x200.gif 200w\" sizes=\"auto, (max-width: 355px) 100vw, 355px\" \/><\/a> <a href=\"https:\/\/wp.ufpel.edu.br\/fentransporte\/files\/2020\/07\/temperatura_01_02_agosto.gif\"><img loading=\"lazy\" decoding=\"async\" class=\"alignnone wp-image-1225\" src=\"https:\/\/wp.ufpel.edu.br\/fentransporte\/files\/2020\/07\/temperatura_01_02_agosto-400x400.gif\" alt=\"\" width=\"348\" height=\"348\" srcset=\"https:\/\/wp.ufpel.edu.br\/fentransporte\/files\/2020\/07\/temperatura_01_02_agosto-400x400.gif 400w, https:\/\/wp.ufpel.edu.br\/fentransporte\/files\/2020\/07\/temperatura_01_02_agosto-200x200.gif 200w\" sizes=\"auto, (max-width: 348px) 100vw, 348px\" \/><\/a><\/p>\n<p style=\"text-align: justify\"><strong>NUVEM 2:<\/strong><\/p>\n<p style=\"text-align: justify\"><strong>Estimativa da trajet\u00f3ria da nuvem 2 at\u00e9 domingo, 2\/8<\/strong><\/p>\n<p style=\"text-align: justify\">\u00c9 apresentada na sequ\u00eancia uma estimativa da trajet\u00f3ria do enxame 2, partindo da cidade de El Pintado, prov\u00edncia del Chaco, Argentina (localiza\u00e7\u00e3o segundo o SENASA). S\u00e3o utilizados os dados da previs\u00e3o dos campos de vento do modelo WRF, inicializada no dia 30\/7 \u00e0s 12UTC. Esta esp\u00e9cie pode viajar at\u00e9 150 Km\/dia, mas desde o in\u00edcio desta pesquisa, tem apresentado um deslocamento que varia entre aproximadamente 40 e 80 km\/dia.<\/p>\n<p style=\"text-align: justify\"><u>Apresenta-se a estimativa de 3 poss\u00edveis trajet\u00f3rias<\/u>: num primeiro cen\u00e1rio, sup\u00f5e-se que a nuvem viaje aproximadamente 30 km\/dia; num segundo cen\u00e1rio, 60 km\/dia e num terceiro cen\u00e1rio, 100 km\/dia. As trajet\u00f3rias completas s\u00e3o descritas na figura a seguir (<strong>Cen\u00e1rio 1:<\/strong> c\u00edrculos vermelhos; <strong>Cen\u00e1rio 2:<\/strong> c\u00edrculos azuis e <strong>Cen\u00e1rio 3:<\/strong> c\u00edrculos rosas).<\/p>\n<p><a href=\"https:\/\/wp.ufpel.edu.br\/fentransporte\/files\/2020\/07\/30_60_100_nuvem_generalguemes.png\"><img loading=\"lazy\" decoding=\"async\" class=\"wp-image-1226 aligncenter\" src=\"https:\/\/wp.ufpel.edu.br\/fentransporte\/files\/2020\/07\/30_60_100_nuvem_generalguemes-400x313.png\" alt=\"\" width=\"604\" height=\"473\" srcset=\"https:\/\/wp.ufpel.edu.br\/fentransporte\/files\/2020\/07\/30_60_100_nuvem_generalguemes-400x313.png 400w, https:\/\/wp.ufpel.edu.br\/fentransporte\/files\/2020\/07\/30_60_100_nuvem_generalguemes-1024x801.png 1024w, https:\/\/wp.ufpel.edu.br\/fentransporte\/files\/2020\/07\/30_60_100_nuvem_generalguemes-768x601.png 768w, https:\/\/wp.ufpel.edu.br\/fentransporte\/files\/2020\/07\/30_60_100_nuvem_generalguemes.png 1086w\" sizes=\"auto, (max-width: 604px) 100vw, 604px\" \/><\/a><\/p>\n<p style=\"text-align: justify\">Na sequ\u00eancia, os poss\u00edveis cen\u00e1rios s\u00e3o apresentados separadamente em anima\u00e7\u00f5es.<\/p>\n<p style=\"text-align: justify\"><strong>Cen\u00e1rio 1: Nuvem se desloca aproximadamente 30 km\/dia <\/strong>(Para visualizar a anima\u00e7\u00e3o clique na figura)<\/p>\n<p><a href=\"https:\/\/wp.ufpel.edu.br\/fentransporte\/files\/2020\/07\/30_generalguemes.gif\"><img loading=\"lazy\" decoding=\"async\" class=\"size-medium wp-image-1227 aligncenter\" src=\"https:\/\/wp.ufpel.edu.br\/fentransporte\/files\/2020\/07\/30_generalguemes-400x298.gif\" alt=\"\" width=\"400\" height=\"298\" srcset=\"https:\/\/wp.ufpel.edu.br\/fentransporte\/files\/2020\/07\/30_generalguemes-400x298.gif 400w, https:\/\/wp.ufpel.edu.br\/fentransporte\/files\/2020\/07\/30_generalguemes-1024x762.gif 1024w, https:\/\/wp.ufpel.edu.br\/fentransporte\/files\/2020\/07\/30_generalguemes-768x571.gif 768w\" sizes=\"auto, (max-width: 400px) 100vw, 400px\" \/><\/a><\/p>\n<p style=\"text-align: justify\">Se esta previs\u00e3o se confirmar, no domingo 02\/8, estima-se que a nuvem fique pr\u00f3xima a cidade de Misi\u00f3n Nueva Pompeya, prov\u00edncia del Chaco na Argentina, em torno de 620 km (em linha reta) da cidade de Itaqui no RS.<\/p>\n<p style=\"text-align: justify\"><strong>Cen\u00e1rio 2: Nuvem se desloca aproximadamente 60 km\/dia <\/strong>(Para visualizar a anima\u00e7\u00e3o clique na figura)<\/p>\n<p><a href=\"https:\/\/wp.ufpel.edu.br\/fentransporte\/files\/2020\/07\/60_generalguemes.gif\"><img loading=\"lazy\" decoding=\"async\" class=\"size-medium wp-image-1228 aligncenter\" src=\"https:\/\/wp.ufpel.edu.br\/fentransporte\/files\/2020\/07\/60_generalguemes-400x307.gif\" alt=\"\" width=\"400\" height=\"307\" srcset=\"https:\/\/wp.ufpel.edu.br\/fentransporte\/files\/2020\/07\/60_generalguemes-400x307.gif 400w, https:\/\/wp.ufpel.edu.br\/fentransporte\/files\/2020\/07\/60_generalguemes-1024x787.gif 1024w, https:\/\/wp.ufpel.edu.br\/fentransporte\/files\/2020\/07\/60_generalguemes-768x590.gif 768w\" sizes=\"auto, (max-width: 400px) 100vw, 400px\" \/><\/a><\/p>\n<p style=\"text-align: justify\">Se esta previs\u00e3o se confirmar, no domingo 02\/8, estima-se que a nuvem poder\u00e1 atingir a regi\u00e3o pr\u00f3xima \u00e0 divisa das prov\u00edncias del Chaco e Santiago del Estero, \u00e0 aproximadamente 60 km da cidade de Miraflores, Argentina. O ponto fica a aproximadamente 610 km (em linha reta) da cidade de S\u00e3o Borja no RS.<\/p>\n<p style=\"text-align: justify\"><strong>Cen\u00e1rio 3: Nuvem se desloca aproximadamente 100 km\/dia <\/strong>(Para visualizar a anima\u00e7\u00e3o clique na figura)<\/p>\n<p style=\"text-align: justify\"><a href=\"https:\/\/wp.ufpel.edu.br\/fentransporte\/files\/2020\/07\/100_generalguemes.gif\"><img loading=\"lazy\" decoding=\"async\" class=\"size-medium wp-image-1229 aligncenter\" src=\"https:\/\/wp.ufpel.edu.br\/fentransporte\/files\/2020\/07\/100_generalguemes-400x313.gif\" alt=\"\" width=\"400\" height=\"313\" srcset=\"https:\/\/wp.ufpel.edu.br\/fentransporte\/files\/2020\/07\/100_generalguemes-400x313.gif 400w, https:\/\/wp.ufpel.edu.br\/fentransporte\/files\/2020\/07\/100_generalguemes-1024x801.gif 1024w, https:\/\/wp.ufpel.edu.br\/fentransporte\/files\/2020\/07\/100_generalguemes-768x601.gif 768w\" sizes=\"auto, (max-width: 400px) 100vw, 400px\" \/><\/a><\/p>\n<p style=\"text-align: justify\">Se esta previs\u00e3o se confirmar, no domingo 02\/8, estima-se que a nuvem poder\u00e1 atingir a regi\u00e3o entre as cidades de Los Frentones (Prov\u00edncia del Chaco) e Sachayoj (Prov\u00edncia de Santiago del Estero) na Argentina. O ponto fica a aproximadamente 600 km (em linha reta) da cidade de S\u00e3o Borja no RS.<\/p>\n<p style=\"text-align: justify\"><strong>NUVEM 3:<\/strong><\/p>\n<p style=\"text-align: justify\"><strong>Estimativa da trajet\u00f3ria da nuvem 3 at\u00e9 domingo, 2\/8<\/strong><\/p>\n<p style=\"text-align: justify\">\u00c9 apresentada na sequ\u00eancia uma estimativa da trajet\u00f3ria do enxame 3, partindo da cidade de Ingeniero Ju\u00e1rez, prov\u00edncia de Formosa, Argentina (localiza\u00e7\u00e3o segundo o SENASA). S\u00e3o utilizados os dados da previs\u00e3o dos campos de vento do modelo WRF, inicializada no dia 30\/7 \u00e0s 12UTC.<\/p>\n<p style=\"text-align: justify\"><u>Apresenta-se a estimativa de 3 poss\u00edveis trajet\u00f3rias<\/u>: num primeiro cen\u00e1rio, sup\u00f5e-se que a nuvem viaje aproximadamente 30 km\/dia; num segundo cen\u00e1rio, 60 km\/dia e num terceiro cen\u00e1rio, 100 km\/dia. As trajet\u00f3rias completas s\u00e3o descritas na figura a seguir (<strong>Cen\u00e1rio 1:<\/strong> c\u00edrculos vermelhos; <strong>Cen\u00e1rio 2:<\/strong> c\u00edrculos azuis e <strong>Cen\u00e1rio 3:<\/strong> c\u00edrculos rosas).<\/p>\n<p><a href=\"https:\/\/wp.ufpel.edu.br\/fentransporte\/files\/2020\/07\/30_60_100_juarez.png\"><img loading=\"lazy\" decoding=\"async\" class=\"wp-image-1230 aligncenter\" src=\"https:\/\/wp.ufpel.edu.br\/fentransporte\/files\/2020\/07\/30_60_100_juarez-400x286.png\" alt=\"\" width=\"627\" height=\"448\" srcset=\"https:\/\/wp.ufpel.edu.br\/fentransporte\/files\/2020\/07\/30_60_100_juarez-400x286.png 400w, https:\/\/wp.ufpel.edu.br\/fentransporte\/files\/2020\/07\/30_60_100_juarez-1024x731.png 1024w, https:\/\/wp.ufpel.edu.br\/fentransporte\/files\/2020\/07\/30_60_100_juarez-768x549.png 768w, https:\/\/wp.ufpel.edu.br\/fentransporte\/files\/2020\/07\/30_60_100_juarez.png 1204w\" sizes=\"auto, (max-width: 627px) 100vw, 627px\" \/><\/a><\/p>\n<p style=\"text-align: justify\">Na sequ\u00eancia, os poss\u00edveis cen\u00e1rios s\u00e3o apresentados separadamente em anima\u00e7\u00f5es.<\/p>\n<p style=\"text-align: justify\"><strong>Cen\u00e1rio 1: Nuvem se desloca aproximadamente 30 km\/dia <\/strong>(Para visualizar a anima\u00e7\u00e3o clique na figura)<\/p>\n<p style=\"text-align: justify\"><a href=\"https:\/\/wp.ufpel.edu.br\/fentransporte\/files\/2020\/07\/30_nuvem_juarez.gif\"><img loading=\"lazy\" decoding=\"async\" class=\"size-medium wp-image-1231 aligncenter\" src=\"https:\/\/wp.ufpel.edu.br\/fentransporte\/files\/2020\/07\/30_nuvem_juarez-400x303.gif\" alt=\"\" width=\"400\" height=\"303\" srcset=\"https:\/\/wp.ufpel.edu.br\/fentransporte\/files\/2020\/07\/30_nuvem_juarez-400x303.gif 400w, https:\/\/wp.ufpel.edu.br\/fentransporte\/files\/2020\/07\/30_nuvem_juarez-1024x776.gif 1024w, https:\/\/wp.ufpel.edu.br\/fentransporte\/files\/2020\/07\/30_nuvem_juarez-768x582.gif 768w\" sizes=\"auto, (max-width: 400px) 100vw, 400px\" \/><\/a><\/p>\n<p style=\"text-align: justify\">Se esta previs\u00e3o se confirmar, no domingo 02\/8, estima-se que a nuvem fique pr\u00f3xima a cidade de Santa Rita, prov\u00edncia del Chaco na Argentina, em torno de 750 km (em linha reta) da cidade de S\u00e3o Borja no RS.<\/p>\n<p style=\"text-align: justify\"><strong>Cen\u00e1rio 2: Nuvem se desloca aproximadamente 60 km\/dia <\/strong>(Para visualizar a anima\u00e7\u00e3o clique na figura)<\/p>\n<p style=\"text-align: justify\"><a href=\"https:\/\/wp.ufpel.edu.br\/fentransporte\/files\/2020\/07\/60_juarez_gif.gif\"><img loading=\"lazy\" decoding=\"async\" class=\"size-medium wp-image-1232 aligncenter\" src=\"https:\/\/wp.ufpel.edu.br\/fentransporte\/files\/2020\/07\/60_juarez_gif-400x287.gif\" alt=\"\" width=\"400\" height=\"287\" srcset=\"https:\/\/wp.ufpel.edu.br\/fentransporte\/files\/2020\/07\/60_juarez_gif-400x287.gif 400w, https:\/\/wp.ufpel.edu.br\/fentransporte\/files\/2020\/07\/60_juarez_gif-1024x735.gif 1024w, https:\/\/wp.ufpel.edu.br\/fentransporte\/files\/2020\/07\/60_juarez_gif-768x551.gif 768w\" sizes=\"auto, (max-width: 400px) 100vw, 400px\" \/><\/a><\/p>\n<p style=\"text-align: justify\">Se esta previs\u00e3o se confirmar, no domingo 02\/8, estima-se que a nuvem poder\u00e1 atingir a regi\u00e3o pr\u00f3xima \u00e0 cidade de Fuerte Esperanza, prov\u00edncia del Chaco na Argentina, a aproximadamente 710 km (em linha reta) da cidade de S\u00e3o Borja no RS.<\/p>\n<p style=\"text-align: justify\"><strong>Cen\u00e1rio 3: Nuvem se desloca aproximadamente 100 km\/dia <\/strong>(Para visualizar a anima\u00e7\u00e3o clique na figura)<\/p>\n<p style=\"text-align: justify\"><a href=\"https:\/\/wp.ufpel.edu.br\/fentransporte\/files\/2020\/07\/100_juarez_gif.gif\"><img loading=\"lazy\" decoding=\"async\" class=\"size-medium wp-image-1233 aligncenter\" src=\"https:\/\/wp.ufpel.edu.br\/fentransporte\/files\/2020\/07\/100_juarez_gif-400x286.gif\" alt=\"\" width=\"400\" height=\"286\" srcset=\"https:\/\/wp.ufpel.edu.br\/fentransporte\/files\/2020\/07\/100_juarez_gif-400x286.gif 400w, https:\/\/wp.ufpel.edu.br\/fentransporte\/files\/2020\/07\/100_juarez_gif-1024x731.gif 1024w, https:\/\/wp.ufpel.edu.br\/fentransporte\/files\/2020\/07\/100_juarez_gif-768x549.gif 768w\" sizes=\"auto, (max-width: 400px) 100vw, 400px\" \/><\/a><\/p>\n<p style=\"text-align: justify\">Se esta previs\u00e3o se confirmar, no domingo 2\/8, estima-se que a nuvem poder\u00e1 atingir a regi\u00e3o pr\u00f3xima \u00e0 cidade de El Cabure, prov\u00edncia de Santiago del Estero, Argentina. O ponto fica a aproximadamente 680 km (em linha reta) da cidade de S\u00e3o Borja no RS.<\/p>\n<p style=\"text-align: justify\"><strong>Novas estimativas ser\u00e3o apresentadas sempre que uma nova localiza\u00e7\u00e3o do enxame for divulgada pelo SENASA, e as condi\u00e7\u00f5es do tempo forem favor\u00e1veis ao deslocamento dos enxames.<\/strong><\/p>\n<p style=\"text-align: justify\">\u00c9 importante lembrar que estas simula\u00e7\u00f5es adv\u00eam de um modelo matem\u00e1tico, e como tal \u00e9 uma aproxima\u00e7\u00e3o da realidade, e, portanto, possui erros inerentes. Al\u00e9m disso, a trajet\u00f3ria pode ser alterada de acordo com mudan\u00e7as devidas ao deslocamento da esp\u00e9cie, al\u00e9m de mudan\u00e7as climatol\u00f3gicas como chuva e frio.<\/p>\n<p style=\"text-align: justify\">Este estudo tem objetivo puramente acad\u00eamico e cient\u00edfico, mostrando a grande aplicabilidade da modelagem matem\u00e1tica em problemas reais. As discuss\u00f5es, opini\u00f5es, ideias e publica\u00e7\u00f5es geradas a partir dos resultados do modelo utilizado s\u00e3o de autoria dos respectivos autores, e n\u00e3o necessariamente representam aquelas das institui\u00e7\u00f5es a que estes pertencem.<\/p>\n<p style=\"text-align: justify\">Os pesquisadores do GDISPEN envolvidos nesta pesquisa s\u00e3o os doutores Fernanda Tumelero, Viliam Cardoso da Silveira, Guilherme Jahnecke Weymar, Daniela Buske, R\u00e9gis Sperotto de Quadros, Gl\u00eanio Aguiar Gon\u00e7alves, Igor da Cunha Furtado, Alexandre Sacco Athayde e Luciana Rossato Piovesan.<\/p>\n","protected":false},"excerpt":{"rendered":"<p>Os pesquisadores do GDISPEN t\u00eam apresentado simula\u00e7\u00f5es e estimativas da trajet\u00f3ria das nuvens de gafanhotos, da esp\u00e9cie Schistocerca cancellata, que est\u00e3o se deslocando pelo Paraguai e Argentina desde maio. Na p\u00e1gina do laborat\u00f3rio s\u00e3o encontrados os detalhes sobre o modelo utilizado e sobre o enxame (https:\/\/wp.ufpel.edu.br\/fentransporte\/2020\/07\/18\/simulacoes-da-trajetoria-da-nuvem-de-gafanhotos\/). At\u00e9 o momento, 4 nuvens de gafanhotos foram localizadas &hellip; <\/p>\n<p><a class=\"more-link btn\" href=\"https:\/\/wp.ufpel.edu.br\/fentransporte\/2020\/07\/31\/simulacoes-da-trajetoria-da-nuvem-de-gafanhotos-uma-estimativa-ate-o-dia-2-8\/\">Continue lendo<\/a><\/p>\n","protected":false},"author":516,"featured_media":1226,"comment_status":"closed","ping_status":"closed","sticky":false,"template":"","format":"standard","meta":{"_jetpack_memberships_contains_paid_content":false,"footnotes":""},"categories":[1],"tags":[],"class_list":["post-1219","post","type-post","status-publish","format-standard","has-post-thumbnail","hentry","category-noticias","item-wrap"],"jetpack_featured_media_url":"https:\/\/wp.ufpel.edu.br\/fentransporte\/files\/2020\/07\/30_60_100_nuvem_generalguemes.png","jetpack_sharing_enabled":true,"_links":{"self":[{"href":"https:\/\/wp.ufpel.edu.br\/fentransporte\/wp-json\/wp\/v2\/posts\/1219","targetHints":{"allow":["GET"]}}],"collection":[{"href":"https:\/\/wp.ufpel.edu.br\/fentransporte\/wp-json\/wp\/v2\/posts"}],"about":[{"href":"https:\/\/wp.ufpel.edu.br\/fentransporte\/wp-json\/wp\/v2\/types\/post"}],"author":[{"embeddable":true,"href":"https:\/\/wp.ufpel.edu.br\/fentransporte\/wp-json\/wp\/v2\/users\/516"}],"replies":[{"embeddable":true,"href":"https:\/\/wp.ufpel.edu.br\/fentransporte\/wp-json\/wp\/v2\/comments?post=1219"}],"version-history":[{"count":13,"href":"https:\/\/wp.ufpel.edu.br\/fentransporte\/wp-json\/wp\/v2\/posts\/1219\/revisions"}],"predecessor-version":[{"id":1222,"href":"https:\/\/wp.ufpel.edu.br\/fentransporte\/wp-json\/wp\/v2\/posts\/1219\/revisions\/1222"}],"wp:featuredmedia":[{"embeddable":true,"href":"https:\/\/wp.ufpel.edu.br\/fentransporte\/wp-json\/wp\/v2\/media\/1226"}],"wp:attachment":[{"href":"https:\/\/wp.ufpel.edu.br\/fentransporte\/wp-json\/wp\/v2\/media?parent=1219"}],"wp:term":[{"taxonomy":"category","embeddable":true,"href":"https:\/\/wp.ufpel.edu.br\/fentransporte\/wp-json\/wp\/v2\/categories?post=1219"},{"taxonomy":"post_tag","embeddable":true,"href":"https:\/\/wp.ufpel.edu.br\/fentransporte\/wp-json\/wp\/v2\/tags?post=1219"}],"curies":[{"name":"wp","href":"https:\/\/api.w.org\/{rel}","templated":true}]}}