{"id":1010,"date":"2020-07-22T10:56:25","date_gmt":"2020-07-22T13:56:25","guid":{"rendered":"https:\/\/wp.ufpel.edu.br\/fentransporte\/?p=1010"},"modified":"2020-07-22T13:02:22","modified_gmt":"2020-07-22T16:02:22","slug":"simulacoes-da-trajetoria-da-nuvem-de-gafanhotos-uma-estimativa-ate-o-dia-25-7","status":"publish","type":"post","link":"https:\/\/wp.ufpel.edu.br\/fentransporte\/2020\/07\/22\/simulacoes-da-trajetoria-da-nuvem-de-gafanhotos-uma-estimativa-ate-o-dia-25-7\/","title":{"rendered":"Simula\u00e7\u00f5es da trajet\u00f3ria da nuvem de gafanhotos: uma estimativa at\u00e9 o dia 25\/7"},"content":{"rendered":"<p style=\"text-align: justify\">Desde o \u00faltimo s\u00e1bado, 18\/7, pesquisadores do GDISPEN tem apresentado simula\u00e7\u00f5es e estimativas da trajet\u00f3ria da nuvem de gafanhotos que est\u00e1 na divisa da Argentina com o Uruguai. Na p\u00e1gina do laborat\u00f3rio s\u00e3o encontrados os detalhes sobre o modelo utilizado e sobre o enxame (<a href=\"https:\/\/wp.ufpel.edu.br\/fentransporte\/\">https:\/\/wp.ufpel.edu.br\/fentransporte\/<\/a>).<\/p>\n<p style=\"text-align: justify\">At\u00e9 o momento s\u00e3o 3 nuvens de gafanhotos localizadas na Am\u00e9rica do Sul, sendo 2 na Argentina e 1 no Paraguai (<a href=\"https:\/\/g1.globo.com\/economia\/agronegocios\/noticia\/2020\/07\/21\/terceira-nuvem-de-gafanhotos-e-localizada-no-norte-da-argentina.ghtml\">https:\/\/g1.globo.com\/economia\/agronegocios\/noticia\/2020\/07\/21\/terceira-nuvem-de-gafanhotos-e-localizada-no-norte-da-argentina.ghtml<\/a>).<\/p>\n<ul style=\"text-align: justify\">\n<li>A\u00a0<strong>primeira nuvem<\/strong>, <u>acompanhada por esta pesquisa<\/u>, foi localizada em maio, vinda do Paraguai para a Argentina. O fen\u00f4meno chamou a aten\u00e7\u00e3o de produtores brasileiros a partir da segunda quinzena de junho, quando passou a existir um risco real da entrada dos insetos no Brasil. Esta nuvem se encontra atualmente no interior do munic\u00edpio de Federaci\u00f3n, divisa da Argentina com o Uruguai;<\/li>\n<li>Uma <strong>segunda nuvem<\/strong> de gafanhotos foi localizada no Paraguai em 16\/7 e se encontra atualmente em General G\u00fcemes, na Prov\u00edncia Del Chaco, Argentina. Segundo o SENASA, esta nuvem est\u00e1 fazendo uma trajet\u00f3ria parecida com a que a primeira nuvem realizou. <u>Passaremos a acompanhar esta nuvem<\/u>;<\/li>\n<li>A\u00a0<strong>terceira nuvem<\/strong> foi localizada pelo governo da Argentina nesta ter\u00e7a-feira, 21\/7. Existem poucas informa\u00e7\u00f5es sobre este enxame.<\/li>\n<\/ul>\n<p style=\"text-align: justify\">O modelo WRF foi utilizado para fazer a previs\u00e3o dos campos de vento, inicializada no dia 21\/7 as 12UTC at\u00e9 o dia 25\/07 as 12UTC (no hor\u00e1rio local, as 9h da manh\u00e3 do dia 21\/7 at\u00e9 as 9h da manh\u00e3 do dia 25\/7). Lembrando que os deslocamentos da nuvem s\u00e3o determinados em 80% dos casos pela dire\u00e7\u00e3o do vento e, que temperaturas acima de 20\u00b0C favorecem o voo dos insetos. S\u00e3o apresentados em conjunto os campos de temperatura em 850hPa e a 2m.\u00a0 Com previs\u00e3o de chuva e de temperaturas mais baixas entre a sexta-feira e o s\u00e1bado, a probabilidade de a nuvem se movimentar diminuir\u00e1. A anima\u00e7\u00e3o contendo os campos de vento e as temperaturas para os dias em quest\u00e3o seguem abaixo. <strong>(Para visualizar a anima\u00e7\u00e3o clique nas figuras)<\/strong><\/p>\n<p><a href=\"https:\/\/wp.ufpel.edu.br\/fentransporte\/files\/2020\/07\/campo_vento.gif\"><img loading=\"lazy\" decoding=\"async\" class=\" wp-image-1031 aligncenter\" src=\"https:\/\/wp.ufpel.edu.br\/fentransporte\/files\/2020\/07\/campo_vento-400x400.gif\" alt=\"\" width=\"426\" height=\"426\" \/><\/a><a href=\"https:\/\/wp.ufpel.edu.br\/fentransporte\/files\/2020\/07\/temperatura.gif\"><img loading=\"lazy\" decoding=\"async\" class=\" wp-image-1025 aligncenter\" src=\"https:\/\/wp.ufpel.edu.br\/fentransporte\/files\/2020\/07\/temperatura-400x400.gif\" alt=\"\" width=\"438\" height=\"438\" \/><\/a><\/p>\n<p><a href=\"https:\/\/wp.ufpel.edu.br\/fentransporte\/files\/2020\/07\/campo_2m.gif\"><img loading=\"lazy\" decoding=\"async\" class=\" wp-image-1032 aligncenter\" src=\"https:\/\/wp.ufpel.edu.br\/fentransporte\/files\/2020\/07\/campo_2m-400x400.gif\" alt=\"\" width=\"431\" height=\"431\" \/><\/a><\/p>\n<p style=\"text-align: justify\"><strong>NUVEM 1:<\/strong><\/p>\n<ul>\n<li style=\"text-align: justify\"><strong>Compara\u00e7\u00e3o da localiza\u00e7\u00e3o atual da nuvem e dos cen\u00e1rios projetados para\u00a0ter\u00e7a-feira, 21\/7<\/strong><\/li>\n<\/ul>\n<p style=\"text-align: justify\">Na publica\u00e7\u00e3o do dia 20\/7, foram propostos 2 cen\u00e1rios para as poss\u00edveis trajet\u00f3rias dos insetos. Segundo o SENASA, a nuvem se movimentou, saindo da vizinhan\u00e7a de San Jos\u00e9 de Feliciano, prov\u00edncia de Entre R\u00edos na Argentina e se dirigiu ao interior do munic\u00edpio de Federaci\u00f3n na divisa com o Uruguai (est\u00e1 a 17 km da fronteira com o Uruguai).\u00a0 O munic\u00edpio de Federaci\u00f3n fica a 86 km, em linha reta, de Barra do Quara\u00ed no RS. Assim,\u00a0<strong>confirmou-se o segundo cen\u00e1rio\u00a0em que se estimou que a nuvem viajaria aproximadamente 80 km<\/strong>.<\/p>\n<ul>\n<li style=\"text-align: justify\"><strong>Estimativa da trajet\u00f3ria da nuvem 1 at\u00e9 s\u00e1bado, 25\/7<\/strong><\/li>\n<\/ul>\n<p style=\"text-align: justify\">\u00c9 apresentada na sequ\u00eancia uma estimativa da trajet\u00f3ria do enxame, partindo da cidade de Federaci\u00f3n. S\u00e3o utilizados os dados da previs\u00e3o dos campos de vento do modelo WRF, inicializada no dia 21\/7 \u00e0s 12UTC. Esta esp\u00e9cie pode viajar at\u00e9 150 Km\/dia, mas nos \u00faltimos dias apresentou um deslocamento que variou aproximadamente entre 40 e 80 km\/dia. <u>Apresenta-se a estimativa de 2 poss\u00edveis trajet\u00f3rias<\/u>: num primeiro cen\u00e1rio, sup\u00f5e-se que a nuvem viaje 40 km\/dia; num segundo cen\u00e1rio, 80 km\/dia. As trajet\u00f3rias completas s\u00e3o descritas na figura a seguir &#8211; <strong>Cen\u00e1rio 1:<\/strong> c\u00edrculos vermelhos (aproximadamente 40 km\/dia); <strong>Cen\u00e1rio 2:<\/strong> c\u00edrculos azuis (aproximadamente 80 km\/dia). <strong>Se algum destes cen\u00e1rios se confirmar, a nuvem n\u00e3o atingir\u00e1 a divisa com o RS.<\/strong><\/p>\n<p style=\"text-align: justify\"><a href=\"https:\/\/wp.ufpel.edu.br\/fentransporte\/files\/2020\/07\/nuvem1_cen\u00e1rio1e2.png\"><img loading=\"lazy\" decoding=\"async\" class=\"wp-image-1028 aligncenter\" src=\"https:\/\/wp.ufpel.edu.br\/fentransporte\/files\/2020\/07\/nuvem1_cen\u00e1rio1e2-400x240.png\" alt=\"\" width=\"767\" height=\"460\" srcset=\"https:\/\/wp.ufpel.edu.br\/fentransporte\/files\/2020\/07\/nuvem1_cen\u00e1rio1e2-400x240.png 400w, https:\/\/wp.ufpel.edu.br\/fentransporte\/files\/2020\/07\/nuvem1_cen\u00e1rio1e2-1024x615.png 1024w, https:\/\/wp.ufpel.edu.br\/fentransporte\/files\/2020\/07\/nuvem1_cen\u00e1rio1e2-768x461.png 768w, https:\/\/wp.ufpel.edu.br\/fentransporte\/files\/2020\/07\/nuvem1_cen\u00e1rio1e2.png 1198w\" sizes=\"auto, (max-width: 767px) 100vw, 767px\" \/><\/a><\/p>\n<p style=\"text-align: justify\">Na sequ\u00eancia, os poss\u00edveis cen\u00e1rios s\u00e3o apresentados separadamente em anima\u00e7\u00f5es.<\/p>\n<p style=\"text-align: justify\"><strong>Cen\u00e1rio 1: Nuvem se desloca 40 km\/dia <\/strong>(Para visualizar a anima\u00e7\u00e3o clique na figura)<\/p>\n<p style=\"text-align: justify\"><a href=\"https:\/\/wp.ufpel.edu.br\/fentransporte\/files\/2020\/07\/nuvem1_cen\u00e1rio1.gif\"><img loading=\"lazy\" decoding=\"async\" class=\"size-medium wp-image-1035 aligncenter\" src=\"https:\/\/wp.ufpel.edu.br\/fentransporte\/files\/2020\/07\/nuvem1_cen\u00e1rio1-400x267.gif\" alt=\"\" width=\"400\" height=\"267\" srcset=\"https:\/\/wp.ufpel.edu.br\/fentransporte\/files\/2020\/07\/nuvem1_cen\u00e1rio1-400x267.gif 400w, https:\/\/wp.ufpel.edu.br\/fentransporte\/files\/2020\/07\/nuvem1_cen\u00e1rio1-1024x683.gif 1024w, https:\/\/wp.ufpel.edu.br\/fentransporte\/files\/2020\/07\/nuvem1_cen\u00e1rio1-768x512.gif 768w\" sizes=\"auto, (max-width: 400px) 100vw, 400px\" \/><\/a><\/p>\n<p style=\"text-align: justify\">Se a previs\u00e3o do cen\u00e1rio 1 se confirmar, no s\u00e1bado 25\/7, estima-se que a nuvem fique entre a regi\u00e3o das cidades de Biassini Celeste e El Eucaliptus, no Uruguai, em torno de 145 km (em linha reta) da cidade de Artigas e em torno de 170km (em linha reta) de Rivera, divisa com o RS.<\/p>\n<p style=\"text-align: justify\"><strong>Cen\u00e1rio 2: Nuvem se desloca 80 km\/dia <\/strong>(Para visualizar a anima\u00e7\u00e3o clique na figura)<\/p>\n<p style=\"text-align: justify\"><a href=\"https:\/\/wp.ufpel.edu.br\/fentransporte\/files\/2020\/07\/projeto_cen\u00e1rio2.gif\"><img loading=\"lazy\" decoding=\"async\" class=\"size-medium wp-image-1029 aligncenter\" src=\"https:\/\/wp.ufpel.edu.br\/fentransporte\/files\/2020\/07\/projeto_cen\u00e1rio2-400x240.gif\" alt=\"\" width=\"400\" height=\"240\" srcset=\"https:\/\/wp.ufpel.edu.br\/fentransporte\/files\/2020\/07\/projeto_cen\u00e1rio2-400x240.gif 400w, https:\/\/wp.ufpel.edu.br\/fentransporte\/files\/2020\/07\/projeto_cen\u00e1rio2-1024x615.gif 1024w, https:\/\/wp.ufpel.edu.br\/fentransporte\/files\/2020\/07\/projeto_cen\u00e1rio2-768x461.gif 768w\" sizes=\"auto, (max-width: 400px) 100vw, 400px\" \/><\/a><\/p>\n<p style=\"text-align: justify\">Se a previs\u00e3o do cen\u00e1rio 2 se confirmar, no s\u00e1bado 25\/7, estima-se que a nuvem poder\u00e1 atingir a regi\u00e3o pr\u00f3xima \u00e0 cidade de Curtina, no Uruguai. A regi\u00e3o fica a aproximadamente 135 km (em linha reta) da cidade de Rivera e 185 km (em linha reta) da cidade de Acegu\u00e1, no RS.<\/p>\n<p style=\"text-align: justify\">Para uma melhor visualiza\u00e7\u00e3o, abaixo segue em separado o trajeto esperado para esta quarta-feira, 22\/7,\u00a0 supondo que o enxame parta de Federaci\u00f3n e viaje 40 ou 80 km por dia. O campo de vento e a temperatura previstas tamb\u00e9m s\u00e3o apresentadas.<\/p>\n<p><a href=\"https:\/\/wp.ufpel.edu.br\/fentransporte\/files\/2020\/07\/WhatsApp-Image-2020-07-22-at-11.29.58-1.jpeg\"><img loading=\"lazy\" decoding=\"async\" class=\"wp-image-1023 aligncenter\" src=\"https:\/\/wp.ufpel.edu.br\/fentransporte\/files\/2020\/07\/WhatsApp-Image-2020-07-22-at-11.29.58-1-400x210.jpeg\" alt=\"\" width=\"712\" height=\"374\" \/><\/a><\/p>\n<p><a href=\"https:\/\/wp.ufpel.edu.br\/fentransporte\/files\/2020\/07\/cen\u00e1rio1e2_para_dia_22-07somente.png\"><img loading=\"lazy\" decoding=\"async\" class=\"wp-image-1043 aligncenter\" src=\"https:\/\/wp.ufpel.edu.br\/fentransporte\/files\/2020\/07\/cen\u00e1rio1e2_para_dia_22-07somente-400x267.png\" alt=\"\" width=\"706\" height=\"471\" \/><\/a><\/p>\n<p>Se o cen\u00e1rio 1 se confirmar, estima-se que nesta quarta-feira a nuvem atinja o Uruguai, cidade de San Antonio. Se o cen\u00e1rio 2 se confirmar, estima-se que a nuvem se aproxime de Laureles no Uruguai.<\/p>\n<p>&nbsp;<\/p>\n<p style=\"text-align: justify\"><strong>NUVEM 2: <\/strong><\/p>\n<p style=\"text-align: justify\">\u00c9 apresentada na sequ\u00eancia uma estimativa da trajet\u00f3ria do enxame da <strong>nuvem 2<\/strong>, que se encontra atualmente em General G\u00fcemes, na Prov\u00edncia Del Chaco, territ\u00f3rio argentino, e a aproximadamente 600 km (em linha reta) da fronteira brasileira. S\u00e3o utilizados os dados da previs\u00e3o dos campos de vento do modelo WRF, inicializada no dia 21\/7 \u00e0s 12UTC. <u>Apresenta-se a estimativa de 2 poss\u00edveis trajet\u00f3rias<\/u>: num primeiro cen\u00e1rio, sup\u00f5e-se que a nuvem viaje 40 km\/dia; num segundo cen\u00e1rio, 80 km\/dia. As trajet\u00f3rias completas s\u00e3o descritas na figura a seguir &#8211; <strong>Cen\u00e1rio 1:<\/strong> c\u00edrculos vermelhos (aproximadamente 40 km\/dia); <strong>Cen\u00e1rio 2:<\/strong> c\u00edrculos azuis (aproximadamente 80 km\/dia).<\/p>\n<p><a href=\"https:\/\/wp.ufpel.edu.br\/fentransporte\/files\/2020\/07\/cen\u00e1rio1e2_nuvem_formosa.png\"><img loading=\"lazy\" decoding=\"async\" class=\"wp-image-1016 aligncenter\" src=\"https:\/\/wp.ufpel.edu.br\/fentransporte\/files\/2020\/07\/cen\u00e1rio1e2_nuvem_formosa-400x327.png\" alt=\"\" width=\"740\" height=\"605\" \/><\/a><\/p>\n<p style=\"text-align: justify\">Na sequ\u00eancia, os poss\u00edveis cen\u00e1rios s\u00e3o apresentados separadamente em anima\u00e7\u00f5es. Entre sexta-feira e s\u00e1bado, temos um giro do vento no sentido anti-hor\u00e1rio, fazendo com que a nuvem acompanhe a mudan\u00e7a. Devido a isto, <strong>estima-se que a nuvem 2 siga dentro da Prov\u00edncia Del Chaco<\/strong>.<\/p>\n<p style=\"text-align: justify\"><strong>Cen\u00e1rio 1: Nuvem se desloca 40 km\/dia <\/strong>(Para visualizar a anima\u00e7\u00e3o clique na figura)<\/p>\n<p><a href=\"https:\/\/wp.ufpel.edu.br\/fentransporte\/files\/2020\/07\/gif_cenario1_formosa.gif\"><img loading=\"lazy\" decoding=\"async\" class=\"size-medium wp-image-1017 aligncenter\" src=\"https:\/\/wp.ufpel.edu.br\/fentransporte\/files\/2020\/07\/gif_cenario1_formosa-400x400.gif\" alt=\"\" width=\"400\" height=\"400\" \/><\/a><\/p>\n<p><strong>Cen\u00e1rio 2: Nuvem se desloca 80 km\/dia <\/strong>(Para visualizar a anima\u00e7\u00e3o clique na figura)<\/p>\n<p><a href=\"https:\/\/wp.ufpel.edu.br\/fentransporte\/files\/2020\/07\/gif_cenario2_formosa.gif\"><img loading=\"lazy\" decoding=\"async\" class=\"size-medium wp-image-1018 aligncenter\" src=\"https:\/\/wp.ufpel.edu.br\/fentransporte\/files\/2020\/07\/gif_cenario2_formosa-400x372.gif\" alt=\"\" width=\"400\" height=\"372\" srcset=\"https:\/\/wp.ufpel.edu.br\/fentransporte\/files\/2020\/07\/gif_cenario2_formosa-400x372.gif 400w, https:\/\/wp.ufpel.edu.br\/fentransporte\/files\/2020\/07\/gif_cenario2_formosa-768x714.gif 768w\" sizes=\"auto, (max-width: 400px) 100vw, 400px\" \/><\/a><\/p>\n<p style=\"text-align: justify\"><strong>Novas estimativas ser\u00e3o apresentadas sempre que uma nova localiza\u00e7\u00e3o do enxame for divulgada pelo SENASA. <\/strong><\/p>\n<p style=\"text-align: justify\">\u00c9 importante lembrar que estas simula\u00e7\u00f5es adv\u00eam de um modelo matem\u00e1tico, e como tal \u00e9 uma aproxima\u00e7\u00e3o da realidade, e, portanto, possui erros inerentes. Al\u00e9m disso, a trajet\u00f3ria pode ser alterada de acordo com mudan\u00e7as devidas ao deslocamento da esp\u00e9cie, al\u00e9m de mudan\u00e7as climatol\u00f3gicas como chuva e frio.<\/p>\n<p style=\"text-align: justify\">Este estudo tem objetivo puramente acad\u00eamico e cient\u00edfico, mostrando a grande aplicabilidade da modelagem matem\u00e1tica em problemas reais. As discuss\u00f5es, opini\u00f5es, ideias e publica\u00e7\u00f5es geradas a partir dos resultados do modelo utilizado s\u00e3o de autoria dos respectivos autores, e n\u00e3o necessariamente representam aquelas das institui\u00e7\u00f5es a que estes pertencem.<\/p>\n<p style=\"text-align: justify\">Os pesquisadores do GDISPEN envolvidos nesta pesquisa s\u00e3o os doutores Fernanda Tumelero, Viliam Cardoso da Silveira, Guilherme Jahnecke Weymar, Daniela Buske, R\u00e9gis Sperotto de Quadros, Gl\u00eanio Aguiar Gon\u00e7alves, Igor da Cunha Furtado, Alexandre Sacco Athayde e Luciana Rossato Piovesan.<\/p>\n","protected":false},"excerpt":{"rendered":"<p>Desde o \u00faltimo s\u00e1bado, 18\/7, pesquisadores do GDISPEN tem apresentado simula\u00e7\u00f5es e estimativas da trajet\u00f3ria da nuvem de gafanhotos que est\u00e1 na divisa da Argentina com o Uruguai. Na p\u00e1gina do laborat\u00f3rio s\u00e3o encontrados os detalhes sobre o modelo utilizado e sobre o enxame (https:\/\/wp.ufpel.edu.br\/fentransporte\/). At\u00e9 o momento s\u00e3o 3 nuvens de gafanhotos localizadas na &hellip; <\/p>\n<p><a class=\"more-link btn\" href=\"https:\/\/wp.ufpel.edu.br\/fentransporte\/2020\/07\/22\/simulacoes-da-trajetoria-da-nuvem-de-gafanhotos-uma-estimativa-ate-o-dia-25-7\/\">Continue lendo<\/a><\/p>\n","protected":false},"author":516,"featured_media":1028,"comment_status":"closed","ping_status":"closed","sticky":false,"template":"","format":"standard","meta":{"_jetpack_memberships_contains_paid_content":false,"footnotes":""},"categories":[1],"tags":[],"class_list":["post-1010","post","type-post","status-publish","format-standard","has-post-thumbnail","hentry","category-noticias","item-wrap"],"jetpack_featured_media_url":"https:\/\/wp.ufpel.edu.br\/fentransporte\/files\/2020\/07\/nuvem1_cen\u00e1rio1e2.png","jetpack_sharing_enabled":true,"_links":{"self":[{"href":"https:\/\/wp.ufpel.edu.br\/fentransporte\/wp-json\/wp\/v2\/posts\/1010","targetHints":{"allow":["GET"]}}],"collection":[{"href":"https:\/\/wp.ufpel.edu.br\/fentransporte\/wp-json\/wp\/v2\/posts"}],"about":[{"href":"https:\/\/wp.ufpel.edu.br\/fentransporte\/wp-json\/wp\/v2\/types\/post"}],"author":[{"embeddable":true,"href":"https:\/\/wp.ufpel.edu.br\/fentransporte\/wp-json\/wp\/v2\/users\/516"}],"replies":[{"embeddable":true,"href":"https:\/\/wp.ufpel.edu.br\/fentransporte\/wp-json\/wp\/v2\/comments?post=1010"}],"version-history":[{"count":30,"href":"https:\/\/wp.ufpel.edu.br\/fentransporte\/wp-json\/wp\/v2\/posts\/1010\/revisions"}],"predecessor-version":[{"id":1052,"href":"https:\/\/wp.ufpel.edu.br\/fentransporte\/wp-json\/wp\/v2\/posts\/1010\/revisions\/1052"}],"wp:featuredmedia":[{"embeddable":true,"href":"https:\/\/wp.ufpel.edu.br\/fentransporte\/wp-json\/wp\/v2\/media\/1028"}],"wp:attachment":[{"href":"https:\/\/wp.ufpel.edu.br\/fentransporte\/wp-json\/wp\/v2\/media?parent=1010"}],"wp:term":[{"taxonomy":"category","embeddable":true,"href":"https:\/\/wp.ufpel.edu.br\/fentransporte\/wp-json\/wp\/v2\/categories?post=1010"},{"taxonomy":"post_tag","embeddable":true,"href":"https:\/\/wp.ufpel.edu.br\/fentransporte\/wp-json\/wp\/v2\/tags?post=1010"}],"curies":[{"name":"wp","href":"https:\/\/api.w.org\/{rel}","templated":true}]}}