{"id":854,"date":"2020-11-26T09:59:34","date_gmt":"2020-11-26T12:59:34","guid":{"rendered":"https:\/\/wp.ufpel.edu.br\/fen\/?p=854"},"modified":"2020-11-26T09:59:34","modified_gmt":"2020-11-26T12:59:34","slug":"mes-da-consciencia-negra","status":"publish","type":"post","link":"https:\/\/wp.ufpel.edu.br\/fen\/mes-da-consciencia-negra\/","title":{"rendered":"M\u00eas da Consci\u00eancia Negra"},"content":{"rendered":"<p>No m\u00eas da Consci\u00eancia Negra (novembro) o Projeto de Extens\u00e3o Barraca da Sa\u00fade lan\u00e7a um v\u00eddeo com falas de seus estudantes negros e da Professora Marina Mota. O m\u00eas de novembro tornou-se o refer\u00eancia para atividades que inspiram a luta, resist\u00eancia e principalmente a for\u00e7a do povo negro, que historicamente tem sido os sujeitos principais no enfrentamento contra o racismo articulado nas diversas esferas da sociedade.<br \/>\nO v\u00eddeo fala sobre as desigualdades enfrentadas pela popula\u00e7\u00e3o negra no Brasil e da import\u00e2ncia de n\u00e3o somente nesse m\u00eas, mas todos os dias da lutada popula\u00e7\u00e3o negra, porque n\u00e3o basta ser apenas n\u00e3o racista e sim ser antirracista independente de classe ou cor. Devemos lutar por igualdade, liberdade e direitos, chega de exclus\u00e3o e opress\u00e3o. O v\u00eddeo tem por objetivo mostra a necessidade de posicionamento de n\u00e3o ficar calado diante das injusti\u00e7as presentes nesse mundo, nada que separa pode ser bom, a luta \u00e9 de todos.<br \/>\nOs integrantes do Projeto de Extens\u00e3o Barraca da Sa\u00fade UFPel, apoiam essa luta contra o racismo e repudiamos qualquer tipo de ataque, inj\u00faria ou opress\u00e3o<\/p>\n<p>Assista o v\u00eddeo.<\/p>\n<p>https:\/\/www.facebook.com\/barracadasaudeufpel\/posts\/3472852722794697<\/p>\n","protected":false},"excerpt":{"rendered":"<p>No m\u00eas da Consci\u00eancia Negra (novembro) o Projeto de Extens\u00e3o Barraca da Sa\u00fade lan\u00e7a um v\u00eddeo com falas de seus estudantes negros e da Professora Marina Mota. O m\u00eas de novembro tornou-se o refer\u00eancia para atividades que inspiram a luta, resist\u00eancia e principalmente a for\u00e7a do povo negro, que historicamente tem sido os sujeitos principais [&hellip;]<\/p>\n","protected":false},"author":621,"featured_media":0,"comment_status":"closed","ping_status":"closed","sticky":false,"template":"","format":"standard","meta":{"footnotes":""},"categories":[1],"tags":[],"class_list":["post-854","post","type-post","status-publish","format-standard","hentry","category-noticias"],"jetpack_featured_media_url":"","_links":{"self":[{"href":"https:\/\/wp.ufpel.edu.br\/fen\/wp-json\/wp\/v2\/posts\/854","targetHints":{"allow":["GET"]}}],"collection":[{"href":"https:\/\/wp.ufpel.edu.br\/fen\/wp-json\/wp\/v2\/posts"}],"about":[{"href":"https:\/\/wp.ufpel.edu.br\/fen\/wp-json\/wp\/v2\/types\/post"}],"author":[{"embeddable":true,"href":"https:\/\/wp.ufpel.edu.br\/fen\/wp-json\/wp\/v2\/users\/621"}],"replies":[{"embeddable":true,"href":"https:\/\/wp.ufpel.edu.br\/fen\/wp-json\/wp\/v2\/comments?post=854"}],"version-history":[{"count":1,"href":"https:\/\/wp.ufpel.edu.br\/fen\/wp-json\/wp\/v2\/posts\/854\/revisions"}],"predecessor-version":[{"id":857,"href":"https:\/\/wp.ufpel.edu.br\/fen\/wp-json\/wp\/v2\/posts\/854\/revisions\/857"}],"wp:attachment":[{"href":"https:\/\/wp.ufpel.edu.br\/fen\/wp-json\/wp\/v2\/media?parent=854"}],"wp:term":[{"taxonomy":"category","embeddable":true,"href":"https:\/\/wp.ufpel.edu.br\/fen\/wp-json\/wp\/v2\/categories?post=854"},{"taxonomy":"post_tag","embeddable":true,"href":"https:\/\/wp.ufpel.edu.br\/fen\/wp-json\/wp\/v2\/tags?post=854"}],"curies":[{"name":"wp","href":"https:\/\/api.w.org\/{rel}","templated":true}]}}