{"id":789,"date":"2020-06-24T10:13:04","date_gmt":"2020-06-24T13:13:04","guid":{"rendered":"https:\/\/wp.ufpel.edu.br\/fen\/?p=789"},"modified":"2020-06-24T10:13:04","modified_gmt":"2020-06-24T13:13:04","slug":"comecam-as-atividades-do-curso-de-atualizacao-de-saude-mental-em-emergencias-humanitarias-como-a-pandemia-de-covid-19","status":"publish","type":"post","link":"https:\/\/wp.ufpel.edu.br\/fen\/comecam-as-atividades-do-curso-de-atualizacao-de-saude-mental-em-emergencias-humanitarias-como-a-pandemia-de-covid-19\/","title":{"rendered":"Come\u00e7am as atividades do Curso de Atualiza\u00e7\u00e3o de Sa\u00fade Mental em Emerg\u00eancias Humanit\u00e1rias como a pandemia de COVID-19"},"content":{"rendered":"<p><img class=\" wp-image-791 aligncenter\" src=\"https:\/\/wp.ufpel.edu.br\/fen\/files\/2020\/06\/WhatsApp-Image-2020-06-24-at-09.33.50-1-400x223.jpeg\" alt=\"\" width=\"977\" height=\"544\" srcset=\"https:\/\/wp.ufpel.edu.br\/fen\/files\/2020\/06\/WhatsApp-Image-2020-06-24-at-09.33.50-1-400x223.jpeg 400w, https:\/\/wp.ufpel.edu.br\/fen\/files\/2020\/06\/WhatsApp-Image-2020-06-24-at-09.33.50-1-1024x570.jpeg 1024w, https:\/\/wp.ufpel.edu.br\/fen\/files\/2020\/06\/WhatsApp-Image-2020-06-24-at-09.33.50-1-768x428.jpeg 768w, https:\/\/wp.ufpel.edu.br\/fen\/files\/2020\/06\/WhatsApp-Image-2020-06-24-at-09.33.50-1.jpeg 1280w\" sizes=\"(max-width: 977px) 100vw, 977px\" \/><br \/>\nEsta semana come\u00e7a as atividades do Curso de Atualiza\u00e7\u00e3o de Sa\u00fade Mental em Emerg\u00eancias Humanit\u00e1rias como a pandemia de COVID-19. Este curso foi organizado pelo Grupo de Pesquisa Enfermagem, Sa\u00fade Mental e Sa\u00fade Coletiva da UFPel coordenado pela Profa. Dra. Luciane Prado Kantorski e coordena\u00e7\u00e3o adjunta da Profa. Dra. Val\u00e9ria Cristina Christello Coimbra.<br \/>\nTem o objetivo de desenvolver conhecimentos cient\u00edficos acerca dos principais impactos sobre a sa\u00fade mental das pessoas decorrentes da emerg\u00eancia humanit\u00e1ria que estamos vivenciando, a pandemia de COVID-19.<br \/>\nO curso ser\u00e1 conduzido atrav\u00e9s de leituras de textos, videoaulas e lives, ao final ser\u00e1 disponibilizado uma avalia\u00e7\u00e3o do curso. O cronograma e orienta\u00e7\u00f5es gerais do curso est\u00e3o no site.<br \/>\nO curso est\u00e1 dispon\u00edvel no Portal de Grupo: https:\/\/www.gruposaudemental.com<br \/>\nO login \u00e9 o email cadastrado no ato da inscri\u00e7\u00e3o no curso e a senha foi envaida por email, caso o aluno n\u00e3o tenha recebido, orienta-se olhar no spam do email, e se n\u00e3o encontrar entre em contato pelo email do curso cursofenufpel@gmail.com.\u00a0 (Qualquer d\u00favida sobre o curso ou material tamb\u00e9m pode ser enviadas para este email)<\/p>\n<p>&nbsp;<\/p>\n<p>&nbsp;<\/p>\n","protected":false},"excerpt":{"rendered":"<p>Esta semana come\u00e7a as atividades do Curso de Atualiza\u00e7\u00e3o de Sa\u00fade Mental em Emerg\u00eancias Humanit\u00e1rias como a pandemia de COVID-19. Este curso foi organizado pelo Grupo de Pesquisa Enfermagem, Sa\u00fade Mental e Sa\u00fade Coletiva da UFPel coordenado pela Profa. Dra. Luciane Prado Kantorski e coordena\u00e7\u00e3o adjunta da Profa. Dra. Val\u00e9ria Cristina Christello Coimbra. Tem o [&hellip;]<\/p>\n","protected":false},"author":621,"featured_media":0,"comment_status":"closed","ping_status":"closed","sticky":false,"template":"","format":"standard","meta":{"footnotes":""},"categories":[1],"tags":[],"class_list":["post-789","post","type-post","status-publish","format-standard","hentry","category-noticias"],"jetpack_featured_media_url":"","_links":{"self":[{"href":"https:\/\/wp.ufpel.edu.br\/fen\/wp-json\/wp\/v2\/posts\/789","targetHints":{"allow":["GET"]}}],"collection":[{"href":"https:\/\/wp.ufpel.edu.br\/fen\/wp-json\/wp\/v2\/posts"}],"about":[{"href":"https:\/\/wp.ufpel.edu.br\/fen\/wp-json\/wp\/v2\/types\/post"}],"author":[{"embeddable":true,"href":"https:\/\/wp.ufpel.edu.br\/fen\/wp-json\/wp\/v2\/users\/621"}],"replies":[{"embeddable":true,"href":"https:\/\/wp.ufpel.edu.br\/fen\/wp-json\/wp\/v2\/comments?post=789"}],"version-history":[{"count":1,"href":"https:\/\/wp.ufpel.edu.br\/fen\/wp-json\/wp\/v2\/posts\/789\/revisions"}],"predecessor-version":[{"id":792,"href":"https:\/\/wp.ufpel.edu.br\/fen\/wp-json\/wp\/v2\/posts\/789\/revisions\/792"}],"wp:attachment":[{"href":"https:\/\/wp.ufpel.edu.br\/fen\/wp-json\/wp\/v2\/media?parent=789"}],"wp:term":[{"taxonomy":"category","embeddable":true,"href":"https:\/\/wp.ufpel.edu.br\/fen\/wp-json\/wp\/v2\/categories?post=789"},{"taxonomy":"post_tag","embeddable":true,"href":"https:\/\/wp.ufpel.edu.br\/fen\/wp-json\/wp\/v2\/tags?post=789"}],"curies":[{"name":"wp","href":"https:\/\/api.w.org\/{rel}","templated":true}]}}