{"id":626,"date":"2020-03-25T12:19:15","date_gmt":"2020-03-25T15:19:15","guid":{"rendered":"https:\/\/wp.ufpel.edu.br\/fen\/?p=626"},"modified":"2020-03-25T12:19:15","modified_gmt":"2020-03-25T15:19:15","slug":"faculdade-de-enfermagem-propoe-acoes-de-apoio","status":"publish","type":"post","link":"https:\/\/wp.ufpel.edu.br\/fen\/faculdade-de-enfermagem-propoe-acoes-de-apoio\/","title":{"rendered":"Faculdade de Enfermagem prop\u00f5e a\u00e7\u00f5es de apoio"},"content":{"rendered":"<p>A Faculdade de Enfermagem encaminhou ao Comit\u00ea UFPel Covid 19 a proposi\u00e7\u00e3o de um conjunto de a\u00e7\u00f5es de suporte ao trabalho do HE, das UBS e dos servi\u00e7os de sa\u00fade de Pelotas. Entre as medidas planejadas est\u00e3o a\u00e7\u00f5es relacionadas ao treinamento e \u00e0 capacita\u00e7\u00e3o dos profissionais de sa\u00fade para enfrentamento da Pandemia, o cuidado com a preserva\u00e7\u00e3o da integridade psicol\u00f3gica desses profissionais at\u00e9 a compila\u00e7\u00e3o e divulga\u00e7\u00e3o de artigos cient\u00edficos com dados de pesquisa que permitam compreender a evolu\u00e7\u00e3o da doen\u00e7a e a melhor forma de enfrent\u00e1-la. Al\u00e9m disso, prop\u00f5e auxiliar nos servi\u00e7os de teleatendimento em sa\u00fade e na elabora\u00e7\u00e3o e revis\u00e3o de manuais e protocolos voltados \u00e0 pr\u00e1tica em sa\u00fade p\u00fablica. O Comit\u00ea acolheu a proposta e recomendou que a Faculdade de Enfermagem buscasse juntar for\u00e7as com outras iniciativas semelhantes, que est\u00e3o sendo desenvolvidas. Leia a\u00a0<a href=\"https:\/\/wp.ufpel.edu.br\/fen\/files\/2020\/03\/Proposta-FE-COVID-Comite.pdf\">Proposta-FE-COVID-Comite<\/a><\/p>\n","protected":false},"excerpt":{"rendered":"<p>A Faculdade de Enfermagem encaminhou ao Comit\u00ea UFPel Covid 19 a proposi\u00e7\u00e3o de um conjunto de a\u00e7\u00f5es de suporte ao trabalho do HE, das UBS e dos servi\u00e7os de sa\u00fade de Pelotas. Entre as medidas planejadas est\u00e3o a\u00e7\u00f5es relacionadas ao treinamento e \u00e0 capacita\u00e7\u00e3o dos profissionais de sa\u00fade para enfrentamento da Pandemia, o cuidado com [&hellip;]<\/p>\n","protected":false},"author":621,"featured_media":0,"comment_status":"closed","ping_status":"closed","sticky":false,"template":"","format":"standard","meta":{"footnotes":""},"categories":[1],"tags":[],"class_list":["post-626","post","type-post","status-publish","format-standard","hentry","category-noticias"],"jetpack_featured_media_url":"","_links":{"self":[{"href":"https:\/\/wp.ufpel.edu.br\/fen\/wp-json\/wp\/v2\/posts\/626","targetHints":{"allow":["GET"]}}],"collection":[{"href":"https:\/\/wp.ufpel.edu.br\/fen\/wp-json\/wp\/v2\/posts"}],"about":[{"href":"https:\/\/wp.ufpel.edu.br\/fen\/wp-json\/wp\/v2\/types\/post"}],"author":[{"embeddable":true,"href":"https:\/\/wp.ufpel.edu.br\/fen\/wp-json\/wp\/v2\/users\/621"}],"replies":[{"embeddable":true,"href":"https:\/\/wp.ufpel.edu.br\/fen\/wp-json\/wp\/v2\/comments?post=626"}],"version-history":[{"count":1,"href":"https:\/\/wp.ufpel.edu.br\/fen\/wp-json\/wp\/v2\/posts\/626\/revisions"}],"predecessor-version":[{"id":629,"href":"https:\/\/wp.ufpel.edu.br\/fen\/wp-json\/wp\/v2\/posts\/626\/revisions\/629"}],"wp:attachment":[{"href":"https:\/\/wp.ufpel.edu.br\/fen\/wp-json\/wp\/v2\/media?parent=626"}],"wp:term":[{"taxonomy":"category","embeddable":true,"href":"https:\/\/wp.ufpel.edu.br\/fen\/wp-json\/wp\/v2\/categories?post=626"},{"taxonomy":"post_tag","embeddable":true,"href":"https:\/\/wp.ufpel.edu.br\/fen\/wp-json\/wp\/v2\/tags?post=626"}],"curies":[{"name":"wp","href":"https:\/\/api.w.org\/{rel}","templated":true}]}}