{"id":612,"date":"2020-03-18T09:06:02","date_gmt":"2020-03-18T12:06:02","guid":{"rendered":"https:\/\/wp.ufpel.edu.br\/fen\/?p=612"},"modified":"2020-03-18T15:12:44","modified_gmt":"2020-03-18T18:12:44","slug":"comunica-saude-em-libras-projeto-lanca-um-video-em-libras-explicando-como-se-prevenir-do-novo-coronavirus","status":"publish","type":"post","link":"https:\/\/wp.ufpel.edu.br\/fen\/comunica-saude-em-libras-projeto-lanca-um-video-em-libras-explicando-como-se-prevenir-do-novo-coronavirus\/","title":{"rendered":"Comunica Sa\u00fade em Libras &#8211; Projeto lan\u00e7a um v\u00eddeo em Libras explicando como se prevenir do novo Coronav\u00edrus"},"content":{"rendered":"<div>O projeto de extens\u00e3o &#8220;Comunica Sa\u00fade em Libras&#8221; uma parceria entre Faculdade de Enfermagem e o CLC, com a coordena\u00e7\u00e3o da Professora Michele Mandagar\u00e1 de Oliveira e Coordenadora adjunta Aline Kaster, em a\u00e7\u00e3o conjunta com o Comit\u00ea Interno para Acompanhamento da Evolu\u00e7\u00e3o da Pandemia de Coronav\u00edrus na Regi\u00e3o da UFPel, lan\u00e7ou um v\u00eddeo em Libras explicando como se prevenir do novo Coronav\u00edrus.<\/div>\n<div>O v\u00eddeo aborda a lavagem das m\u00e3os, \u00a0evitar aglomera\u00e7\u00f5es, evitar contato f\u00edsico, evitar passar as m\u00e3os no rosto, especialmente no nariz, olhos e boca,<\/div>\n<div>LEMBRANDO se previna e proteja as pessoas a sua volta que possam ser do grupo de risco do v\u00edrus Covid-19.<\/div>\n<p>Informa\u00e7\u00e3o \u00e9 tudo<\/p>\n<div style=\"width: 848px;\" class=\"wp-video\"><video class=\"wp-video-shortcode\" id=\"video-612-1\" width=\"848\" height=\"480\" preload=\"metadata\" controls=\"controls\"><source type=\"video\/mp4\" src=\"https:\/\/wp.ufpel.edu.br\/fen\/files\/2020\/03\/VID-20200318-WA0002.mp4?_=1\" \/><a href=\"https:\/\/wp.ufpel.edu.br\/fen\/files\/2020\/03\/VID-20200318-WA0002.mp4\">https:\/\/wp.ufpel.edu.br\/fen\/files\/2020\/03\/VID-20200318-WA0002.mp4<\/a><\/video><\/div>\n","protected":false},"excerpt":{"rendered":"<p>O projeto de extens\u00e3o &#8220;Comunica Sa\u00fade em Libras&#8221; uma parceria entre Faculdade de Enfermagem e o CLC, com a coordena\u00e7\u00e3o da Professora Michele Mandagar\u00e1 de Oliveira e Coordenadora adjunta Aline Kaster, em a\u00e7\u00e3o conjunta com o Comit\u00ea Interno para Acompanhamento da Evolu\u00e7\u00e3o da Pandemia de Coronav\u00edrus na Regi\u00e3o da UFPel, lan\u00e7ou um v\u00eddeo em Libras [&hellip;]<\/p>\n","protected":false},"author":621,"featured_media":0,"comment_status":"closed","ping_status":"closed","sticky":false,"template":"","format":"standard","meta":{"footnotes":""},"categories":[1],"tags":[],"class_list":["post-612","post","type-post","status-publish","format-standard","hentry","category-noticias"],"jetpack_featured_media_url":"","_links":{"self":[{"href":"https:\/\/wp.ufpel.edu.br\/fen\/wp-json\/wp\/v2\/posts\/612","targetHints":{"allow":["GET"]}}],"collection":[{"href":"https:\/\/wp.ufpel.edu.br\/fen\/wp-json\/wp\/v2\/posts"}],"about":[{"href":"https:\/\/wp.ufpel.edu.br\/fen\/wp-json\/wp\/v2\/types\/post"}],"author":[{"embeddable":true,"href":"https:\/\/wp.ufpel.edu.br\/fen\/wp-json\/wp\/v2\/users\/621"}],"replies":[{"embeddable":true,"href":"https:\/\/wp.ufpel.edu.br\/fen\/wp-json\/wp\/v2\/comments?post=612"}],"version-history":[{"count":3,"href":"https:\/\/wp.ufpel.edu.br\/fen\/wp-json\/wp\/v2\/posts\/612\/revisions"}],"predecessor-version":[{"id":617,"href":"https:\/\/wp.ufpel.edu.br\/fen\/wp-json\/wp\/v2\/posts\/612\/revisions\/617"}],"wp:attachment":[{"href":"https:\/\/wp.ufpel.edu.br\/fen\/wp-json\/wp\/v2\/media?parent=612"}],"wp:term":[{"taxonomy":"category","embeddable":true,"href":"https:\/\/wp.ufpel.edu.br\/fen\/wp-json\/wp\/v2\/categories?post=612"},{"taxonomy":"post_tag","embeddable":true,"href":"https:\/\/wp.ufpel.edu.br\/fen\/wp-json\/wp\/v2\/tags?post=612"}],"curies":[{"name":"wp","href":"https:\/\/api.w.org\/{rel}","templated":true}]}}