{"id":606,"date":"2020-03-14T17:51:47","date_gmt":"2020-03-14T20:51:47","guid":{"rendered":"https:\/\/wp.ufpel.edu.br\/fen\/?p=606"},"modified":"2020-03-14T17:51:47","modified_gmt":"2020-03-14T20:51:47","slug":"nota-publica-orientacoes-gerais-em-relacao-a-suspensao-das-atividades-academicas-por-tres-semana","status":"publish","type":"post","link":"https:\/\/wp.ufpel.edu.br\/fen\/nota-publica-orientacoes-gerais-em-relacao-a-suspensao-das-atividades-academicas-por-tres-semana\/","title":{"rendered":"Nota P\u00fablica &#8211; Orienta\u00e7\u00f5es gerais em rela\u00e7\u00e3o \u00e0 suspens\u00e3o das atividades acad\u00eamicas por tr\u00eas semana."},"content":{"rendered":"<p>A Dire\u00e7\u00e3o da Faculdade de Enfermagem vem atrav\u00e9s desta nota tornar publica as orienta\u00e7\u00f5es gerais em rela\u00e7\u00e3o \u00e0 suspens\u00e3o das atividades acad\u00eamicas por tr\u00eas semana<\/p>\n<div><\/div>\n<div>1. A decis\u00e3o da suspens\u00e3o ocorreu por motivos de planejamento de a\u00e7\u00f5es de preven\u00e7\u00e3o, conten\u00e7\u00e3o e de medidas de bloqueio antes que surjam casos na comunidade pelotense. Sabendo do compromisso da UFPEL com esta comunidade o Comit\u00ea Interno para acompanhamento da evolu\u00e7\u00e3o da pandemia do coronavirus decidiu a suspens\u00e3o das atividades por tr\u00eas semanas e ap\u00f3s este per\u00edodo ser\u00e1 realizada uma avalia\u00e7\u00e3o com novas orienta\u00e7\u00f5es. Visando que o Sistema de Sa\u00fade do Munic\u00edpio esteja preparado para atender os casos relacionados a esta pandemia, mantendo os demais atendimentos de rotina das Unidades de Sa\u00fade. Lembrando que a UFPEL recebeu esta semana mais de 1000 alunos vindos de outros Munic\u00edpios e Estados e que possui 18.000 alunos circulantes.<\/div>\n<div>\u00a02. O Comit\u00ea interno para acompanhamento da evolu\u00e7\u00e3o da pandemia do coronavirus \u00a0tem a participa\u00e7\u00e3o do Prof. Bruno e da Enfermeira Ana Am\u00e1lia como representantes da Faculdade de Enfermagem. Destaca-se que o Comit\u00ea esta se reunindo diariamente para elaborar a\u00e7\u00f5es e avaliar o cen\u00e1rio local e nacional.<\/div>\n<div>3. Os cursos da \u00e1rea da sa\u00fade est\u00e3o sendo convocados a participarem das atividades de planejamento e organiza\u00e7\u00e3o das a\u00e7\u00f5es junto ao Comit\u00ea.<\/div>\n<div>4. Todas as atividades acad\u00eamicas est\u00e3o suspensas (entende-se como atividade acad\u00eamica: aula te\u00f3rica de gradua\u00e7\u00e3o e p\u00f3s-gradua\u00e7\u00e3o, pr\u00e1ticas supervisionadas, simula\u00e7\u00e3o, caso de papel, s\u00edntese, semin\u00e1rios, reuni\u00f5es de grupo de pesquisa, atividades de extens\u00e3o, capacita\u00e7\u00f5es, reuni\u00f5es administrativas). Est\u00e3o suspensas todas as atividades que configurem aglomera\u00e7\u00f5es de pessoas. Podem ser mantidas qualifica\u00e7\u00f5es, defesas, orienta\u00e7\u00f5es, desde que n\u00e3o tenham aglomera\u00e7\u00f5es. (As qualifica\u00e7\u00f5es e defesas apenas com os membros da banca e o aluno, em caso de bancas externas dever\u00e1 ser feita por skype ou pareceres).<\/div>\n<div>5. A princ\u00edpio a formatura do dia 21\/03\/2020 estar\u00e1 mantida, entretanto o Comit\u00ea estar\u00e1 tratando deste ponto na segunda feira (16\/03) para formalizar orienta\u00e7\u00f5es gerais.<\/div>\n<div>6. Os est\u00e1gios finais dos Cursos da Sa\u00fade est\u00e3o mantidos a princ\u00edpio.<\/div>\n<div>7. \u00a0As atividades acad\u00eamicas n\u00e3o poder\u00e3o ser realizadas a dist\u00e2ncia, a n\u00e3o ser em caso em que o curso j\u00e1 ocorra nesta modalidade. (N\u00e3o \u00e9 orientado enviar atividades pelo AVA aos acad\u00eamicos, pois o calend\u00e1rio acad\u00eamico est\u00e1 suspenso).<\/div>\n<div>8. Reuni\u00f5es administrativas e pedag\u00f3gicas, quando necess\u00e1rio, podem ser realizadas via Skype.<\/div>\n<div>9. O acesso aos pr\u00e9dios da UFPEL ser\u00e3o mantidos a todos caso queiram acessar.<\/div>\n<div>10. A orienta\u00e7\u00e3o geral aos professores e enfermeiros \u00e9 o trabalho remoto tipo Office home.<\/div>\n<div>11. Orienta\u00e7\u00f5es as Chefias: &#8211; Neste per\u00edodo se mant\u00e9m as atividades de gest\u00e3o, desta forma as chefias podem se organizar para realizar o trabalho de forma remota, no entanto \u00e9 importante haver uma escala de revezamento de trabalho presencial.<\/div>\n<div>12. Orienta\u00e7\u00f5es aos T\u00e9cnicos Administrativos do Secretariado: &#8211; Neste per\u00edodo se mant\u00e9m todas as atividades administrativas (presta\u00e7\u00e3o de contas, emiss\u00e3o de documentos, despachos de processos, certifica\u00e7\u00f5es, portarias, atas etc). Desta forma os secret\u00e1rios podem se organizar para realizar o trabalho de forma remota, no entanto \u00e9 importante haver uma escala de revezamento de trabalho presencial que permita a presen\u00e7a de um secret\u00e1rio por turno e por setor, seguindo a l\u00f3gica do recesso acad\u00eamico (Situa\u00e7\u00e3o avaliada a cada semana a partir dos boletins do Comit\u00ea).<\/div>\n<p>13. Orienta\u00e7\u00f5es as T\u00e9cnicas que atuam no Laborat\u00f3rio: &#8211; Neste per\u00edodo as atividades acad\u00eamicas de Laborat\u00f3rio est\u00e3o suspensas, no entanto atividades pontuais sem aglomera\u00e7\u00f5es podem ocorrer nas depend\u00eancias do Laborat\u00f3rio, al\u00e9m disso, como a Faculdade de Enfermagem integra o Comit\u00ea e a frente de a\u00e7\u00f5es direcionadas a pandemia pode ser solicitado materiais e compras. Por isso se entende que al\u00e9m do trabalho remoto \u00e9 importante o revezamento de trabalho presencial com uma T\u00e9cnica por dia (Situa\u00e7\u00e3o avaliada a cada semana a partir dos boletins do Comit\u00ea).<\/p>\n","protected":false},"excerpt":{"rendered":"<p>A Dire\u00e7\u00e3o da Faculdade de Enfermagem vem atrav\u00e9s desta nota tornar publica as orienta\u00e7\u00f5es gerais em rela\u00e7\u00e3o \u00e0 suspens\u00e3o das atividades acad\u00eamicas por tr\u00eas semana 1. A decis\u00e3o da suspens\u00e3o ocorreu por motivos de planejamento de a\u00e7\u00f5es de preven\u00e7\u00e3o, conten\u00e7\u00e3o e de medidas de bloqueio antes que surjam casos na comunidade pelotense. Sabendo do compromisso [&hellip;]<\/p>\n","protected":false},"author":621,"featured_media":0,"comment_status":"closed","ping_status":"closed","sticky":false,"template":"","format":"standard","meta":{"footnotes":""},"categories":[1],"tags":[],"class_list":["post-606","post","type-post","status-publish","format-standard","hentry","category-noticias"],"jetpack_featured_media_url":"","_links":{"self":[{"href":"https:\/\/wp.ufpel.edu.br\/fen\/wp-json\/wp\/v2\/posts\/606","targetHints":{"allow":["GET"]}}],"collection":[{"href":"https:\/\/wp.ufpel.edu.br\/fen\/wp-json\/wp\/v2\/posts"}],"about":[{"href":"https:\/\/wp.ufpel.edu.br\/fen\/wp-json\/wp\/v2\/types\/post"}],"author":[{"embeddable":true,"href":"https:\/\/wp.ufpel.edu.br\/fen\/wp-json\/wp\/v2\/users\/621"}],"replies":[{"embeddable":true,"href":"https:\/\/wp.ufpel.edu.br\/fen\/wp-json\/wp\/v2\/comments?post=606"}],"version-history":[{"count":1,"href":"https:\/\/wp.ufpel.edu.br\/fen\/wp-json\/wp\/v2\/posts\/606\/revisions"}],"predecessor-version":[{"id":608,"href":"https:\/\/wp.ufpel.edu.br\/fen\/wp-json\/wp\/v2\/posts\/606\/revisions\/608"}],"wp:attachment":[{"href":"https:\/\/wp.ufpel.edu.br\/fen\/wp-json\/wp\/v2\/media?parent=606"}],"wp:term":[{"taxonomy":"category","embeddable":true,"href":"https:\/\/wp.ufpel.edu.br\/fen\/wp-json\/wp\/v2\/categories?post=606"},{"taxonomy":"post_tag","embeddable":true,"href":"https:\/\/wp.ufpel.edu.br\/fen\/wp-json\/wp\/v2\/tags?post=606"}],"curies":[{"name":"wp","href":"https:\/\/api.w.org\/{rel}","templated":true}]}}