{"id":2096,"date":"2025-12-12T11:35:34","date_gmt":"2025-12-12T14:35:34","guid":{"rendered":"https:\/\/wp.ufpel.edu.br\/fen\/?p=2096"},"modified":"2025-12-12T11:35:34","modified_gmt":"2025-12-12T14:35:34","slug":"estagio-de-vivencias-em-enfermagem-edicao-2025-2","status":"publish","type":"post","link":"https:\/\/wp.ufpel.edu.br\/fen\/estagio-de-vivencias-em-enfermagem-edicao-2025-2\/","title":{"rendered":"Est\u00e1gio de Viv\u00eancias em Enfermagem \u2013 Edi\u00e7\u00e3o 2025\/2"},"content":{"rendered":"<p>A Universidade Federal de Pelotas (UFPel), por meio dos Departamentos de Enfermagem Hospitalar na Rede de Aten\u00e7\u00e3o \u00e0 Sa\u00fade e de Enfermagem em Sa\u00fade Coletiva, anunciou a abertura das inscri\u00e7\u00f5es para o <strong>Est\u00e1gio de Viv\u00eancias em Enfermagem \u2013 Edi\u00e7\u00e3o 2025\/2<\/strong>, parte do projeto de extens\u00e3o <em>Viv\u00eancias de Enfermagem no Sistema de Sa\u00fade<\/em>.<\/p>\n<p>No link pode ser acessado:<\/p>\n<p>https:\/\/drive.google.com\/file\/d\/1cC1N2x7wUMjJJcvs7xqDTk81j1uPyp4q\/view?usp=sharing<\/p>\n<p>As inscri\u00e7\u00f5es estar\u00e3o abertas de <strong>11 a 13 de dezembro de 2025<\/strong>, por meio de formul\u00e1rio eletr\u00f4nico dispon\u00edvel no https:\/\/docs.google.com\/forms\/d\/e\/1FAIpQLSfsb324GvKQqpnKAmOdzwIUNjTRF1-O6PLNmql6E-Vvhusu1A\/viewform. Podem participar estudantes regularmente matriculados nos cursos de gradua\u00e7\u00e3o da UFPel, desde que atendam aos requisitos do edital.<\/p>\n<p>A sele\u00e7\u00e3o dos participantes ocorrer\u00e1 por sorteio eletr\u00f4nico no dia <strong>15 de dezembro de 2025, \u00e0s 10h<\/strong>, em sala virtual da UFPel. O estudante poder\u00e1 se inscrever para mais de um campo de pr\u00e1tica, por\u00e9m s\u00f3 poder\u00e1 ser contemplado em um. Caso seja sorteado em mais de uma unidade e esteja presente na sala virtual, poder\u00e1 optar pelo local de prefer\u00eancia.<\/p>\n<p>Os campos de pr\u00e1tica oferecidos incluem unidades como UBS Sim\u00f5es Lopes, CAPS Porto, UTI Geral do HE e RUE II, com cargas hor\u00e1rias entre 54h e 60h e requisitos espec\u00edficos conforme a Unidade Curricular de Enfermagem (UCE) j\u00e1 cursada.<\/p>\n<p>O resultado ser\u00e1 divulgado no mesmo dia do sorteio, pelas redes sociais do colegiado e pelo Cobalto. Os alunos selecionados tamb\u00e9m receber\u00e3o notifica\u00e7\u00e3o por e-mail.<\/p>\n<p>D\u00favidas podem ser encaminhadas para <strong>michelecnbarboza@gmail.com<\/strong>, com a coordena\u00e7\u00e3o do projeto, sob responsabilidade da professora <strong>Michele Cristiene Nachtigall Barboza<\/strong>.<\/p>\n","protected":false},"excerpt":{"rendered":"<p>A Universidade Federal de Pelotas (UFPel), por meio dos Departamentos de Enfermagem Hospitalar na Rede de Aten\u00e7\u00e3o \u00e0 Sa\u00fade e de Enfermagem em Sa\u00fade Coletiva, anunciou a abertura das inscri\u00e7\u00f5es para o Est\u00e1gio de Viv\u00eancias em Enfermagem \u2013 Edi\u00e7\u00e3o 2025\/2, parte do projeto de extens\u00e3o Viv\u00eancias de Enfermagem no Sistema de Sa\u00fade. No link pode [&hellip;]<\/p>\n","protected":false},"author":621,"featured_media":0,"comment_status":"closed","ping_status":"closed","sticky":false,"template":"","format":"standard","meta":{"footnotes":""},"categories":[1],"tags":[],"class_list":["post-2096","post","type-post","status-publish","format-standard","hentry","category-noticias"],"jetpack_featured_media_url":"","_links":{"self":[{"href":"https:\/\/wp.ufpel.edu.br\/fen\/wp-json\/wp\/v2\/posts\/2096","targetHints":{"allow":["GET"]}}],"collection":[{"href":"https:\/\/wp.ufpel.edu.br\/fen\/wp-json\/wp\/v2\/posts"}],"about":[{"href":"https:\/\/wp.ufpel.edu.br\/fen\/wp-json\/wp\/v2\/types\/post"}],"author":[{"embeddable":true,"href":"https:\/\/wp.ufpel.edu.br\/fen\/wp-json\/wp\/v2\/users\/621"}],"replies":[{"embeddable":true,"href":"https:\/\/wp.ufpel.edu.br\/fen\/wp-json\/wp\/v2\/comments?post=2096"}],"version-history":[{"count":2,"href":"https:\/\/wp.ufpel.edu.br\/fen\/wp-json\/wp\/v2\/posts\/2096\/revisions"}],"predecessor-version":[{"id":2099,"href":"https:\/\/wp.ufpel.edu.br\/fen\/wp-json\/wp\/v2\/posts\/2096\/revisions\/2099"}],"wp:attachment":[{"href":"https:\/\/wp.ufpel.edu.br\/fen\/wp-json\/wp\/v2\/media?parent=2096"}],"wp:term":[{"taxonomy":"category","embeddable":true,"href":"https:\/\/wp.ufpel.edu.br\/fen\/wp-json\/wp\/v2\/categories?post=2096"},{"taxonomy":"post_tag","embeddable":true,"href":"https:\/\/wp.ufpel.edu.br\/fen\/wp-json\/wp\/v2\/tags?post=2096"}],"curies":[{"name":"wp","href":"https:\/\/api.w.org\/{rel}","templated":true}]}}