{"id":1963,"date":"2025-07-07T08:56:40","date_gmt":"2025-07-07T11:56:40","guid":{"rendered":"https:\/\/wp.ufpel.edu.br\/fen\/?p=1963"},"modified":"2025-07-07T08:56:40","modified_gmt":"2025-07-07T11:56:40","slug":"edital-de-selecao-de-bolsista-s-para-o-projeto-avaliacao-do-efeito-de-praticas-integrativas-e-complementares","status":"publish","type":"post","link":"https:\/\/wp.ufpel.edu.br\/fen\/edital-de-selecao-de-bolsista-s-para-o-projeto-avaliacao-do-efeito-de-praticas-integrativas-e-complementares\/","title":{"rendered":"Edital de Sele\u00e7\u00e3o de Bolsista (s) para o projeto Avalia\u00e7\u00e3o do efeito de Pr\u00e1ticas Integrativas e Complementares"},"content":{"rendered":"<p>A Coordena\u00e7\u00e3o do Projeto Avalia\u00e7\u00e3o do efeito de Pr\u00e1ticas Integrativas e Complementares, torna p\u00fablico que est\u00e3o abertas inscri\u00e7\u00f5es para sele\u00e7\u00e3o de um bolsista no \u00e2mbito do Programa <span style=\"font-family: var(--fonte-corpo);\">Institucional de Bolsas de Inicia\u00e7\u00e3o Cient\u00edfica\u2013 PROBIC\/FAPERGS.<\/span><\/p>\n<p>confira abaixo:<\/p>\n<p><a href=\"https:\/\/wp.ufpel.edu.br\/fen\/files\/2025\/07\/edital-01_ic.pdf\">Edital <\/a><\/p>\n","protected":false},"excerpt":{"rendered":"<p>A Coordena\u00e7\u00e3o do Projeto Avalia\u00e7\u00e3o do efeito de Pr\u00e1ticas Integrativas e Complementares, torna p\u00fablico que est\u00e3o abertas inscri\u00e7\u00f5es para sele\u00e7\u00e3o de um bolsista no \u00e2mbito do Programa Institucional de Bolsas de Inicia\u00e7\u00e3o Cient\u00edfica\u2013 PROBIC\/FAPERGS. confira abaixo: Edital<\/p>\n","protected":false},"author":621,"featured_media":0,"comment_status":"closed","ping_status":"closed","sticky":false,"template":"","format":"standard","meta":{"footnotes":""},"categories":[1],"tags":[],"class_list":["post-1963","post","type-post","status-publish","format-standard","hentry","category-noticias"],"jetpack_featured_media_url":"","_links":{"self":[{"href":"https:\/\/wp.ufpel.edu.br\/fen\/wp-json\/wp\/v2\/posts\/1963","targetHints":{"allow":["GET"]}}],"collection":[{"href":"https:\/\/wp.ufpel.edu.br\/fen\/wp-json\/wp\/v2\/posts"}],"about":[{"href":"https:\/\/wp.ufpel.edu.br\/fen\/wp-json\/wp\/v2\/types\/post"}],"author":[{"embeddable":true,"href":"https:\/\/wp.ufpel.edu.br\/fen\/wp-json\/wp\/v2\/users\/621"}],"replies":[{"embeddable":true,"href":"https:\/\/wp.ufpel.edu.br\/fen\/wp-json\/wp\/v2\/comments?post=1963"}],"version-history":[{"count":1,"href":"https:\/\/wp.ufpel.edu.br\/fen\/wp-json\/wp\/v2\/posts\/1963\/revisions"}],"predecessor-version":[{"id":1966,"href":"https:\/\/wp.ufpel.edu.br\/fen\/wp-json\/wp\/v2\/posts\/1963\/revisions\/1966"}],"wp:attachment":[{"href":"https:\/\/wp.ufpel.edu.br\/fen\/wp-json\/wp\/v2\/media?parent=1963"}],"wp:term":[{"taxonomy":"category","embeddable":true,"href":"https:\/\/wp.ufpel.edu.br\/fen\/wp-json\/wp\/v2\/categories?post=1963"},{"taxonomy":"post_tag","embeddable":true,"href":"https:\/\/wp.ufpel.edu.br\/fen\/wp-json\/wp\/v2\/tags?post=1963"}],"curies":[{"name":"wp","href":"https:\/\/api.w.org\/{rel}","templated":true}]}}