{"id":1912,"date":"2025-05-13T07:48:20","date_gmt":"2025-05-13T10:48:20","guid":{"rendered":"https:\/\/wp.ufpel.edu.br\/fen\/?p=1912"},"modified":"2025-05-13T07:48:20","modified_gmt":"2025-05-13T10:48:20","slug":"pre-conferencia-de-saude","status":"publish","type":"post","link":"https:\/\/wp.ufpel.edu.br\/fen\/pre-conferencia-de-saude\/","title":{"rendered":"Pr\u00e9 Confer\u00eancia de Sa\u00fade"},"content":{"rendered":"<p><img class=\"alignnone size-medium wp-image-1914\" src=\"https:\/\/wp.ufpel.edu.br\/fen\/files\/2025\/05\/ed353d84-fe86-46ff-a076-d35ffe50f8a2-320x400.jpeg\" alt=\"\" width=\"320\" height=\"400\" srcset=\"https:\/\/wp.ufpel.edu.br\/fen\/files\/2025\/05\/ed353d84-fe86-46ff-a076-d35ffe50f8a2-320x400.jpeg 320w, https:\/\/wp.ufpel.edu.br\/fen\/files\/2025\/05\/ed353d84-fe86-46ff-a076-d35ffe50f8a2-819x1024.jpeg 819w, https:\/\/wp.ufpel.edu.br\/fen\/files\/2025\/05\/ed353d84-fe86-46ff-a076-d35ffe50f8a2-768x960.jpeg 768w, https:\/\/wp.ufpel.edu.br\/fen\/files\/2025\/05\/ed353d84-fe86-46ff-a076-d35ffe50f8a2.jpeg 1024w\" sizes=\"(max-width: 320px) 100vw, 320px\" \/>\ud83c\udfe1No dia 23 de maio, \u00e0s 14h, estaremos no Campus Anglo, sala 224.<\/p>\n<p>Vamos ouvir a comunidade da UFPel, sobre o atendimento de sa\u00fade no munic\u00edpio, acolher propostas e montar uma lista de interessados em participar da Confer\u00eancia Municipal de Sa\u00fade, que acontecer\u00e1 no in\u00edcio de junho. \ud83d\udccb<\/p>\n<p>Essa confer\u00eancia reunir\u00e1 pessoas de todas as regi\u00f5es do munic\u00edpio, e ser\u00e1 um momento importante para construir, juntos, os caminhos da nossa sa\u00fade p\u00fablica. \ud83c\udfe5\ud83d\udc9a<\/p>\n<p>Contamos com sua presen\u00e7a!<\/p>\n","protected":false},"excerpt":{"rendered":"<p>\ud83c\udfe1No dia 23 de maio, \u00e0s 14h, estaremos no Campus Anglo, sala 224. Vamos ouvir a comunidade da UFPel, sobre o atendimento de sa\u00fade no munic\u00edpio, acolher propostas e montar uma lista de interessados em participar da Confer\u00eancia Municipal de Sa\u00fade, que acontecer\u00e1 no in\u00edcio de junho. \ud83d\udccb Essa confer\u00eancia reunir\u00e1 pessoas de todas as [&hellip;]<\/p>\n","protected":false},"author":621,"featured_media":0,"comment_status":"closed","ping_status":"closed","sticky":false,"template":"","format":"standard","meta":{"footnotes":""},"categories":[1],"tags":[],"class_list":["post-1912","post","type-post","status-publish","format-standard","hentry","category-noticias"],"jetpack_featured_media_url":"","_links":{"self":[{"href":"https:\/\/wp.ufpel.edu.br\/fen\/wp-json\/wp\/v2\/posts\/1912","targetHints":{"allow":["GET"]}}],"collection":[{"href":"https:\/\/wp.ufpel.edu.br\/fen\/wp-json\/wp\/v2\/posts"}],"about":[{"href":"https:\/\/wp.ufpel.edu.br\/fen\/wp-json\/wp\/v2\/types\/post"}],"author":[{"embeddable":true,"href":"https:\/\/wp.ufpel.edu.br\/fen\/wp-json\/wp\/v2\/users\/621"}],"replies":[{"embeddable":true,"href":"https:\/\/wp.ufpel.edu.br\/fen\/wp-json\/wp\/v2\/comments?post=1912"}],"version-history":[{"count":2,"href":"https:\/\/wp.ufpel.edu.br\/fen\/wp-json\/wp\/v2\/posts\/1912\/revisions"}],"predecessor-version":[{"id":1916,"href":"https:\/\/wp.ufpel.edu.br\/fen\/wp-json\/wp\/v2\/posts\/1912\/revisions\/1916"}],"wp:attachment":[{"href":"https:\/\/wp.ufpel.edu.br\/fen\/wp-json\/wp\/v2\/media?parent=1912"}],"wp:term":[{"taxonomy":"category","embeddable":true,"href":"https:\/\/wp.ufpel.edu.br\/fen\/wp-json\/wp\/v2\/categories?post=1912"},{"taxonomy":"post_tag","embeddable":true,"href":"https:\/\/wp.ufpel.edu.br\/fen\/wp-json\/wp\/v2\/tags?post=1912"}],"curies":[{"name":"wp","href":"https:\/\/api.w.org\/{rel}","templated":true}]}}