{"id":1905,"date":"2025-05-12T08:20:35","date_gmt":"2025-05-12T11:20:35","guid":{"rendered":"https:\/\/wp.ufpel.edu.br\/fen\/?p=1905"},"modified":"2025-05-12T08:20:35","modified_gmt":"2025-05-12T11:20:35","slug":"maio-mes-da-luta-antimanicomial","status":"publish","type":"post","link":"https:\/\/wp.ufpel.edu.br\/fen\/maio-mes-da-luta-antimanicomial\/","title":{"rendered":"Maio: m\u00eas da Luta Antimanicomial"},"content":{"rendered":"<ol>\n<li><img class=\"alignnone size-medium wp-image-1908\" src=\"https:\/\/wp.ufpel.edu.br\/fen\/files\/2025\/05\/4d28b261-84a4-47e4-9a23-0f19ef7b2844-320x400.jpeg\" alt=\"\" width=\"320\" height=\"400\" srcset=\"https:\/\/wp.ufpel.edu.br\/fen\/files\/2025\/05\/4d28b261-84a4-47e4-9a23-0f19ef7b2844-320x400.jpeg 320w, https:\/\/wp.ufpel.edu.br\/fen\/files\/2025\/05\/4d28b261-84a4-47e4-9a23-0f19ef7b2844-819x1024.jpeg 819w, https:\/\/wp.ufpel.edu.br\/fen\/files\/2025\/05\/4d28b261-84a4-47e4-9a23-0f19ef7b2844-768x960.jpeg 768w, https:\/\/wp.ufpel.edu.br\/fen\/files\/2025\/05\/4d28b261-84a4-47e4-9a23-0f19ef7b2844.jpeg 1080w\" sizes=\"(max-width: 320px) 100vw, 320px\" \/> <img class=\"alignnone size-medium wp-image-1909\" src=\"https:\/\/wp.ufpel.edu.br\/fen\/files\/2025\/05\/55f817af-4911-4e7a-8c70-8cd50c98f1a3-320x400.jpeg\" alt=\"\" width=\"320\" height=\"400\" srcset=\"https:\/\/wp.ufpel.edu.br\/fen\/files\/2025\/05\/55f817af-4911-4e7a-8c70-8cd50c98f1a3-320x400.jpeg 320w, https:\/\/wp.ufpel.edu.br\/fen\/files\/2025\/05\/55f817af-4911-4e7a-8c70-8cd50c98f1a3-819x1024.jpeg 819w, https:\/\/wp.ufpel.edu.br\/fen\/files\/2025\/05\/55f817af-4911-4e7a-8c70-8cd50c98f1a3-768x960.jpeg 768w, https:\/\/wp.ufpel.edu.br\/fen\/files\/2025\/05\/55f817af-4911-4e7a-8c70-8cd50c98f1a3.jpeg 1080w\" sizes=\"(max-width: 320px) 100vw, 320px\" \/>Maio \u00e9 o m\u00eas da Luta Antimanicomial \u2014 um momento fundamental para reafirmarmos nosso compromisso com a liberdade, a dignidade e os direitos das pessoas que usam os servi\u00e7os de sa\u00fade mental.<\/li>\n<\/ol>\n<p>A Associa\u00e7\u00e3o dos Usu\u00e1rios dos Servi\u00e7os de Sa\u00fade Mental de Pelotas e o F\u00f3rum Ga\u00facho de Sa\u00fade Mental convidam todas, todos e todes para a RAPS (R)EXISTE, que acontecer\u00e1 no dia 16 de maio, a partir das 14h, no Mercado Central de Pelotas.<\/p>\n<p>A programa\u00e7\u00e3o contar\u00e1 com:<br \/>\n\u2022 Roda de conversa sobre a Luta Antimanicomial<br \/>\n\u2022 Participa\u00e7\u00e3o do Projeto de Extens\u00e3o Barraca da Sa\u00fade<br \/>\n\u2022 Manifesta\u00e7\u00f5es art\u00edsticas e culturais que celebram a resist\u00eancia, a vida e a pot\u00eancia da diferen\u00e7a<\/p>\n<p>Venha somar for\u00e7as nesta luta por uma sociedade mais justa e livre de manic\u00f4mios! Queremos uma RAPS robusta no nosso Sistema \u00danico de Sa\u00fade!!<\/p>\n<p>Apoio: Grupo de Pesquisa Enfermagem, Sa\u00fade Mental e Coletiva da UFPel, Barraca da Sa\u00fade, Coletivo Hildete Bahia, Coletiva de Mulheres Que Ouvem Vozes e Canal Conta Comigo.<\/p>\n","protected":false},"excerpt":{"rendered":"<p>Maio \u00e9 o m\u00eas da Luta Antimanicomial \u2014 um momento fundamental para reafirmarmos nosso compromisso com a liberdade, a dignidade e os direitos das pessoas que usam os servi\u00e7os de sa\u00fade mental. A Associa\u00e7\u00e3o dos Usu\u00e1rios dos Servi\u00e7os de Sa\u00fade Mental de Pelotas e o F\u00f3rum Ga\u00facho de Sa\u00fade Mental convidam todas, todos e todes [&hellip;]<\/p>\n","protected":false},"author":621,"featured_media":0,"comment_status":"closed","ping_status":"closed","sticky":false,"template":"","format":"standard","meta":{"footnotes":""},"categories":[1],"tags":[],"class_list":["post-1905","post","type-post","status-publish","format-standard","hentry","category-noticias"],"jetpack_featured_media_url":"","_links":{"self":[{"href":"https:\/\/wp.ufpel.edu.br\/fen\/wp-json\/wp\/v2\/posts\/1905","targetHints":{"allow":["GET"]}}],"collection":[{"href":"https:\/\/wp.ufpel.edu.br\/fen\/wp-json\/wp\/v2\/posts"}],"about":[{"href":"https:\/\/wp.ufpel.edu.br\/fen\/wp-json\/wp\/v2\/types\/post"}],"author":[{"embeddable":true,"href":"https:\/\/wp.ufpel.edu.br\/fen\/wp-json\/wp\/v2\/users\/621"}],"replies":[{"embeddable":true,"href":"https:\/\/wp.ufpel.edu.br\/fen\/wp-json\/wp\/v2\/comments?post=1905"}],"version-history":[{"count":2,"href":"https:\/\/wp.ufpel.edu.br\/fen\/wp-json\/wp\/v2\/posts\/1905\/revisions"}],"predecessor-version":[{"id":1910,"href":"https:\/\/wp.ufpel.edu.br\/fen\/wp-json\/wp\/v2\/posts\/1905\/revisions\/1910"}],"wp:attachment":[{"href":"https:\/\/wp.ufpel.edu.br\/fen\/wp-json\/wp\/v2\/media?parent=1905"}],"wp:term":[{"taxonomy":"category","embeddable":true,"href":"https:\/\/wp.ufpel.edu.br\/fen\/wp-json\/wp\/v2\/categories?post=1905"},{"taxonomy":"post_tag","embeddable":true,"href":"https:\/\/wp.ufpel.edu.br\/fen\/wp-json\/wp\/v2\/tags?post=1905"}],"curies":[{"name":"wp","href":"https:\/\/api.w.org\/{rel}","templated":true}]}}