{"id":1792,"date":"2024-10-23T09:43:07","date_gmt":"2024-10-23T12:43:07","guid":{"rendered":"https:\/\/wp.ufpel.edu.br\/fen\/?p=1792"},"modified":"2024-10-23T09:43:07","modified_gmt":"2024-10-23T12:43:07","slug":"semana-academica-da-enfermagem-2024-2","status":"publish","type":"post","link":"https:\/\/wp.ufpel.edu.br\/fen\/semana-academica-da-enfermagem-2024-2\/","title":{"rendered":"Semana Acad\u00eamica da Enfermagem 2024\/2"},"content":{"rendered":"<p>XXX Semana Acad\u00eamica de Enfermagem: &#8220;Construindo a Enfermagem do Futuro&#8221;<\/p>\n<p>\ud83d\udcc5 Quando? Nos dias 12, 13 e 14 de novembro, no audit\u00f3rio do campus de Direito, localizado na R. F\u00e9lix Xavier da Cunha, 363.<\/p>\n<p>\u23f0 Hor\u00e1rio?\u2028O evento ter\u00e1 in\u00edcio \u00e0s 17h20, ent\u00e3o chegue um pouco antes para realizar o check-in e se preparar!<\/p>\n<p>\ud83c\udf81 Brindes e Surpresas Incr\u00edveis:<br \/>\nParticipe e garanta seus brindes exclusivos! Voc\u00ea levar\u00e1 para casa um copo t\u00e9rmico, caneta, bloco de anota\u00e7\u00f5es e adesivos. Al\u00e9m disso, haver\u00e1 sorteios especiais e uma grande revela\u00e7\u00e3o logo no primeiro dia!<\/p>\n<p>\ud83d\udcda Temas Relevantes e Inovadores:<br \/>\nNesta edi\u00e7\u00e3o, traremos conte\u00fados que v\u00e3o expandir seus horizontes e fortalecer sua vis\u00e3o sobre o futuro da enfermagem. Tudo pensado para enriquecer ainda mais sua jornada acad\u00eamica.<\/p>\n<p>Aten\u00e7\u00e3o: Acad\u00eamicos de todas as institui\u00e7\u00f5es s\u00e3o convidados a participar. N\u00e3o fique de fora dessa experi\u00eancia transformadora!<\/p>\n<p>Venha fortalecer seu conhecimento, fazer novas conex\u00f5es e ainda concorrer a brindes incr\u00edveis.\ud83e\udd29<\/p>\n<p>&nbsp;<\/p>\n<p>Fonte: Instagram Diret\u00f3rio Acad\u00eamico Enfermagem<img class=\"alignnone size-medium wp-image-1795\" src=\"https:\/\/wp.ufpel.edu.br\/fen\/files\/2024\/10\/Semana-academica-397x400.png\" alt=\"\" width=\"397\" height=\"400\" srcset=\"https:\/\/wp.ufpel.edu.br\/fen\/files\/2024\/10\/Semana-academica-397x400.png 397w, https:\/\/wp.ufpel.edu.br\/fen\/files\/2024\/10\/Semana-academica.png 591w\" sizes=\"(max-width: 397px) 100vw, 397px\" \/><\/p>\n","protected":false},"excerpt":{"rendered":"<p>XXX Semana Acad\u00eamica de Enfermagem: &#8220;Construindo a Enfermagem do Futuro&#8221; \ud83d\udcc5 Quando? Nos dias 12, 13 e 14 de novembro, no audit\u00f3rio do campus de Direito, localizado na R. F\u00e9lix Xavier da Cunha, 363. \u23f0 Hor\u00e1rio?\u2028O evento ter\u00e1 in\u00edcio \u00e0s 17h20, ent\u00e3o chegue um pouco antes para realizar o check-in e se preparar! \ud83c\udf81 Brindes [&hellip;]<\/p>\n","protected":false},"author":621,"featured_media":0,"comment_status":"closed","ping_status":"closed","sticky":false,"template":"","format":"standard","meta":{"footnotes":""},"categories":[1],"tags":[],"class_list":["post-1792","post","type-post","status-publish","format-standard","hentry","category-noticias"],"jetpack_featured_media_url":"","_links":{"self":[{"href":"https:\/\/wp.ufpel.edu.br\/fen\/wp-json\/wp\/v2\/posts\/1792","targetHints":{"allow":["GET"]}}],"collection":[{"href":"https:\/\/wp.ufpel.edu.br\/fen\/wp-json\/wp\/v2\/posts"}],"about":[{"href":"https:\/\/wp.ufpel.edu.br\/fen\/wp-json\/wp\/v2\/types\/post"}],"author":[{"embeddable":true,"href":"https:\/\/wp.ufpel.edu.br\/fen\/wp-json\/wp\/v2\/users\/621"}],"replies":[{"embeddable":true,"href":"https:\/\/wp.ufpel.edu.br\/fen\/wp-json\/wp\/v2\/comments?post=1792"}],"version-history":[{"count":2,"href":"https:\/\/wp.ufpel.edu.br\/fen\/wp-json\/wp\/v2\/posts\/1792\/revisions"}],"predecessor-version":[{"id":1797,"href":"https:\/\/wp.ufpel.edu.br\/fen\/wp-json\/wp\/v2\/posts\/1792\/revisions\/1797"}],"wp:attachment":[{"href":"https:\/\/wp.ufpel.edu.br\/fen\/wp-json\/wp\/v2\/media?parent=1792"}],"wp:term":[{"taxonomy":"category","embeddable":true,"href":"https:\/\/wp.ufpel.edu.br\/fen\/wp-json\/wp\/v2\/categories?post=1792"},{"taxonomy":"post_tag","embeddable":true,"href":"https:\/\/wp.ufpel.edu.br\/fen\/wp-json\/wp\/v2\/tags?post=1792"}],"curies":[{"name":"wp","href":"https:\/\/api.w.org\/{rel}","templated":true}]}}