{"id":1705,"date":"2023-11-28T16:43:25","date_gmt":"2023-11-28T19:43:25","guid":{"rendered":"https:\/\/wp.ufpel.edu.br\/fen\/?p=1705"},"modified":"2023-11-28T16:43:25","modified_gmt":"2023-11-28T19:43:25","slug":"destaques-da-faculdade-de-enfermagem-no-xxv-do-enpos","status":"publish","type":"post","link":"https:\/\/wp.ufpel.edu.br\/fen\/destaques-da-faculdade-de-enfermagem-no-xxv-do-enpos\/","title":{"rendered":"Destaques da Faculdade de Enfermagem no XXV do ENPOS"},"content":{"rendered":"<p>A Faculdade de Enfermagem parabeniza os doutorandos e mestrando e seus orientadores pelos destaques recebidos no XXV ENPOS. Foram tr\u00eas na \u00e1rea da Enfermagem e um na \u00e1rea da Psicologia.<\/p>\n<p>Os trabalhos que receberam os destaques foram: &#8220;<span style=\"color: var(--cor-texto); font-family: var(--fonte-corpo);\">Homens autores de Viol\u00eancia, quem s\u00e3o<\/span><span style=\"color: var(--cor-texto); font-family: var(--fonte-corpo);\">?&#8221; da <\/span><span style=\"color: var(--cor-texto); font-family: var(--fonte-corpo);\">doutoranda Duilia\u00a0 Sedr\u00eas Carvalho Lemos orientada pela Profa Dra. Michele Mandagar\u00e1 de Oliveira; &#8220;<\/span><span style=\"color: var(--cor-texto); font-family: var(--fonte-corpo);\">A\u00e7\u00f5es Ofertadas a Contatos de Casos \u00cdndices de Tuberculose&#8221;\u00a0 do mestrando <\/span>Henrique Lasyer Ferreira Costa orientado pela Profa Dra.\u00a0 Lilian Moura de Lima Spagnolo; &#8220;A\u00e7\u00f5es da equipe para garantir a consulta de puerp\u00e9rio at\u00e9 uma semana ap\u00f3s o parto na aten\u00e7\u00e3o b\u00e1sica&#8221; da doutoranda <span style=\"color: var(--cor-texto); font-family: var(--fonte-corpo);\">Cristiane de Souza Gon\u00e7alves<\/span><span style=\"color: var(--cor-texto); font-family: var(--fonte-corpo);\">\u00a0 orientada pela Profa Dra.\u00a0<\/span> Suele Manjourany Silva Duro; e\u00a0 &#8220;A pandemia de covid-19 e sua influ\u00eancia na ades\u00e3o de mulheres no trabalho sexual<span style=\"color: var(--cor-texto); font-family: var(--fonte-corpo);\">&#8221;\u00a0 da doutoranda <\/span><span style=\"color: var(--cor-texto); font-family: var(--fonte-corpo);\">Milena Oliveira Costa orientada pela Profa. Dra.\u00a0 Val\u00e9ria Cristina Christello Coimbra .<\/span><\/p>\n<p>&nbsp;<\/p>\n","protected":false},"excerpt":{"rendered":"<p>A Faculdade de Enfermagem parabeniza os doutorandos e mestrando e seus orientadores pelos destaques recebidos no XXV ENPOS. Foram tr\u00eas na \u00e1rea da Enfermagem e um na \u00e1rea da Psicologia. Os trabalhos que receberam os destaques foram: &#8220;Homens autores de Viol\u00eancia, quem s\u00e3o?&#8221; da doutoranda Duilia\u00a0 Sedr\u00eas Carvalho Lemos orientada pela Profa Dra. Michele Mandagar\u00e1 [&hellip;]<\/p>\n","protected":false},"author":621,"featured_media":0,"comment_status":"closed","ping_status":"closed","sticky":false,"template":"","format":"standard","meta":{"footnotes":""},"categories":[1],"tags":[],"class_list":["post-1705","post","type-post","status-publish","format-standard","hentry","category-noticias"],"jetpack_featured_media_url":"","_links":{"self":[{"href":"https:\/\/wp.ufpel.edu.br\/fen\/wp-json\/wp\/v2\/posts\/1705","targetHints":{"allow":["GET"]}}],"collection":[{"href":"https:\/\/wp.ufpel.edu.br\/fen\/wp-json\/wp\/v2\/posts"}],"about":[{"href":"https:\/\/wp.ufpel.edu.br\/fen\/wp-json\/wp\/v2\/types\/post"}],"author":[{"embeddable":true,"href":"https:\/\/wp.ufpel.edu.br\/fen\/wp-json\/wp\/v2\/users\/621"}],"replies":[{"embeddable":true,"href":"https:\/\/wp.ufpel.edu.br\/fen\/wp-json\/wp\/v2\/comments?post=1705"}],"version-history":[{"count":3,"href":"https:\/\/wp.ufpel.edu.br\/fen\/wp-json\/wp\/v2\/posts\/1705\/revisions"}],"predecessor-version":[{"id":1709,"href":"https:\/\/wp.ufpel.edu.br\/fen\/wp-json\/wp\/v2\/posts\/1705\/revisions\/1709"}],"wp:attachment":[{"href":"https:\/\/wp.ufpel.edu.br\/fen\/wp-json\/wp\/v2\/media?parent=1705"}],"wp:term":[{"taxonomy":"category","embeddable":true,"href":"https:\/\/wp.ufpel.edu.br\/fen\/wp-json\/wp\/v2\/categories?post=1705"},{"taxonomy":"post_tag","embeddable":true,"href":"https:\/\/wp.ufpel.edu.br\/fen\/wp-json\/wp\/v2\/tags?post=1705"}],"curies":[{"name":"wp","href":"https:\/\/api.w.org\/{rel}","templated":true}]}}