{"id":1568,"date":"2023-08-04T16:43:52","date_gmt":"2023-08-04T19:43:52","guid":{"rendered":"https:\/\/wp.ufpel.edu.br\/fen\/?p=1568"},"modified":"2023-08-23T14:32:16","modified_gmt":"2023-08-23T17:32:16","slug":"homologacao-final-para-o-processo-eleitoral-para-chefia-e-subchefia-do-dehras-2","status":"publish","type":"post","link":"https:\/\/wp.ufpel.edu.br\/fen\/homologacao-final-para-o-processo-eleitoral-para-chefia-e-subchefia-do-dehras-2\/","title":{"rendered":"HOMOLOGA\u00c7\u00c3O FINAL PARA O PROCESSO ELEITORAL PARA CHEFIA E SUBCHEFIA DO DEHRAS"},"content":{"rendered":"<p style=\"text-align: center;\"><strong><u>HOMOLOGA\u00c7\u00c3O FINAL PARA O PROCESSO ELEITORAL PARA CHEFIA E SUBCHEFIA<\/u><\/strong><\/p>\n<p style=\"text-align: center;\"><strong><u>DO DEPARTAMENTO DE ENFERMAGEM HOSPITALAR NA REDE DE ATEN\u00c7\u00c3O \u00c0 SA\u00daDE<\/u><\/strong><u> <strong>DA FACULDADE DE ENFERMAGEM DA UNIVERSIDADE FEDERAL DE PELOTAS<\/strong><\/u><\/p>\n<p style=\"text-align: center;\"><strong><u>\u2013 Per\u00edodo de Setembro de 2023 \u00e0 Setembro de 2025 &#8211;<\/u><\/strong><\/p>\n<p><strong>\u00a0<\/strong><\/p>\n<p>&nbsp;<\/p>\n<p><strong>A COMISS\u00c3O PARA O PROCESSO ELEITORAL DE CHEFIA E SUBCHEFIA DO DEPARTAMENTO DE ENFERMAGEM EM SA\u00daDE COLETIVA (DESC) E HOSPITALAR NA REDE DE ATEN\u00c7\u00c3O \u00c0 SA\u00daDE<\/strong> <strong>DA FACULDADE DE ENFERMAGEM (DEHRAS)<\/strong>, por meio Faculdade de Enfermagem \u2013 FEn\/UFPel, no uso de suas atribui\u00e7\u00f5es legais, \u00a0ap\u00f3s prazo de recursos, realiza a homologa\u00e7\u00e3o final para DEHRAS- Chapa 1 (\u00fanica)- composta pelas candidatas Profa Dra Franciele Roberta Cordeiro e Profa Dra Rosiane Filipin Rangel para Chefia e Subchefia do Departamento de Enfermagem Hospitalar na Rede de Aten\u00e7\u00e3o \u00e0 Sa\u00fade (DEHRAS) da Faculdade De Enfermagem;<\/p>\n<p style=\"text-align: right;\"><strong>\u00a0<\/strong><\/p>\n<p style=\"text-align: right;\">Pelotas, 03 de agosto de 2023<\/p>\n<p style=\"text-align: center;\"><strong>\u00a0<\/strong><strong>Comiss\u00e3o Eleitoral<\/strong><\/p>\n<p>&nbsp;<\/p>\n<p>&nbsp;<\/p>\n<p><a href=\"https:\/\/wp.ufpel.edu.br\/fen\/files\/2023\/08\/Proposta_de_plano_de_trabalho_-_chefia_de_departamento_assinado_assinado.pdf\">Proposta_de_plano_de_trabalho da Coordena\u00e7\u00e3o do DEHRAS<\/a><\/p>\n","protected":false},"excerpt":{"rendered":"<p>HOMOLOGA\u00c7\u00c3O FINAL PARA O PROCESSO ELEITORAL PARA CHEFIA E SUBCHEFIA DO DEPARTAMENTO DE ENFERMAGEM HOSPITALAR NA REDE DE ATEN\u00c7\u00c3O \u00c0 SA\u00daDE DA FACULDADE DE ENFERMAGEM DA UNIVERSIDADE FEDERAL DE PELOTAS \u2013 Per\u00edodo de Setembro de 2023 \u00e0 Setembro de 2025 &#8211; \u00a0 &nbsp; A COMISS\u00c3O PARA O PROCESSO ELEITORAL DE CHEFIA E SUBCHEFIA DO DEPARTAMENTO [&hellip;]<\/p>\n","protected":false},"author":621,"featured_media":0,"comment_status":"closed","ping_status":"closed","sticky":false,"template":"","format":"standard","meta":{"footnotes":""},"categories":[1],"tags":[],"class_list":["post-1568","post","type-post","status-publish","format-standard","hentry","category-noticias"],"jetpack_featured_media_url":"","_links":{"self":[{"href":"https:\/\/wp.ufpel.edu.br\/fen\/wp-json\/wp\/v2\/posts\/1568","targetHints":{"allow":["GET"]}}],"collection":[{"href":"https:\/\/wp.ufpel.edu.br\/fen\/wp-json\/wp\/v2\/posts"}],"about":[{"href":"https:\/\/wp.ufpel.edu.br\/fen\/wp-json\/wp\/v2\/types\/post"}],"author":[{"embeddable":true,"href":"https:\/\/wp.ufpel.edu.br\/fen\/wp-json\/wp\/v2\/users\/621"}],"replies":[{"embeddable":true,"href":"https:\/\/wp.ufpel.edu.br\/fen\/wp-json\/wp\/v2\/comments?post=1568"}],"version-history":[{"count":2,"href":"https:\/\/wp.ufpel.edu.br\/fen\/wp-json\/wp\/v2\/posts\/1568\/revisions"}],"predecessor-version":[{"id":1614,"href":"https:\/\/wp.ufpel.edu.br\/fen\/wp-json\/wp\/v2\/posts\/1568\/revisions\/1614"}],"wp:attachment":[{"href":"https:\/\/wp.ufpel.edu.br\/fen\/wp-json\/wp\/v2\/media?parent=1568"}],"wp:term":[{"taxonomy":"category","embeddable":true,"href":"https:\/\/wp.ufpel.edu.br\/fen\/wp-json\/wp\/v2\/categories?post=1568"},{"taxonomy":"post_tag","embeddable":true,"href":"https:\/\/wp.ufpel.edu.br\/fen\/wp-json\/wp\/v2\/tags?post=1568"}],"curies":[{"name":"wp","href":"https:\/\/api.w.org\/{rel}","templated":true}]}}