{"id":1530,"date":"2023-05-16T14:44:25","date_gmt":"2023-05-16T17:44:25","guid":{"rendered":"https:\/\/wp.ufpel.edu.br\/fen\/?p=1530"},"modified":"2023-05-16T14:44:25","modified_gmt":"2023-05-16T17:44:25","slug":"banca-de-promocao-funcional-a-classe-e-titular-da-professora-vanda-maria-da-rosa-jardim","status":"publish","type":"post","link":"https:\/\/wp.ufpel.edu.br\/fen\/banca-de-promocao-funcional-a-classe-e-titular-da-professora-vanda-maria-da-rosa-jardim\/","title":{"rendered":"Banca de Promo\u00e7\u00e3o Funcional \u00e0 classe E Titular da Professora Vanda Maria da Rosa Jardim"},"content":{"rendered":"<p><img class=\" wp-image-1532 aligncenter\" src=\"https:\/\/wp.ufpel.edu.br\/fen\/files\/2023\/05\/WhatsApp-Image-2023-05-15-at-15.22.51-400x400.jpeg\" alt=\"\" width=\"725\" height=\"725\" srcset=\"https:\/\/wp.ufpel.edu.br\/fen\/files\/2023\/05\/WhatsApp-Image-2023-05-15-at-15.22.51-400x400.jpeg 400w, https:\/\/wp.ufpel.edu.br\/fen\/files\/2023\/05\/WhatsApp-Image-2023-05-15-at-15.22.51-1024x1024.jpeg 1024w, https:\/\/wp.ufpel.edu.br\/fen\/files\/2023\/05\/WhatsApp-Image-2023-05-15-at-15.22.51-200x200.jpeg 200w, https:\/\/wp.ufpel.edu.br\/fen\/files\/2023\/05\/WhatsApp-Image-2023-05-15-at-15.22.51-768x768.jpeg 768w, https:\/\/wp.ufpel.edu.br\/fen\/files\/2023\/05\/WhatsApp-Image-2023-05-15-at-15.22.51.jpeg 1080w\" sizes=\"(max-width: 725px) 100vw, 725px\" \/><\/p>\n","protected":false},"excerpt":{"rendered":"","protected":false},"author":621,"featured_media":0,"comment_status":"closed","ping_status":"closed","sticky":false,"template":"","format":"standard","meta":{"footnotes":""},"categories":[1],"tags":[],"class_list":["post-1530","post","type-post","status-publish","format-standard","hentry","category-noticias"],"jetpack_featured_media_url":"","_links":{"self":[{"href":"https:\/\/wp.ufpel.edu.br\/fen\/wp-json\/wp\/v2\/posts\/1530","targetHints":{"allow":["GET"]}}],"collection":[{"href":"https:\/\/wp.ufpel.edu.br\/fen\/wp-json\/wp\/v2\/posts"}],"about":[{"href":"https:\/\/wp.ufpel.edu.br\/fen\/wp-json\/wp\/v2\/types\/post"}],"author":[{"embeddable":true,"href":"https:\/\/wp.ufpel.edu.br\/fen\/wp-json\/wp\/v2\/users\/621"}],"replies":[{"embeddable":true,"href":"https:\/\/wp.ufpel.edu.br\/fen\/wp-json\/wp\/v2\/comments?post=1530"}],"version-history":[{"count":1,"href":"https:\/\/wp.ufpel.edu.br\/fen\/wp-json\/wp\/v2\/posts\/1530\/revisions"}],"predecessor-version":[{"id":1533,"href":"https:\/\/wp.ufpel.edu.br\/fen\/wp-json\/wp\/v2\/posts\/1530\/revisions\/1533"}],"wp:attachment":[{"href":"https:\/\/wp.ufpel.edu.br\/fen\/wp-json\/wp\/v2\/media?parent=1530"}],"wp:term":[{"taxonomy":"category","embeddable":true,"href":"https:\/\/wp.ufpel.edu.br\/fen\/wp-json\/wp\/v2\/categories?post=1530"},{"taxonomy":"post_tag","embeddable":true,"href":"https:\/\/wp.ufpel.edu.br\/fen\/wp-json\/wp\/v2\/tags?post=1530"}],"curies":[{"name":"wp","href":"https:\/\/api.w.org\/{rel}","templated":true}]}}