{"id":1466,"date":"2023-03-04T12:22:11","date_gmt":"2023-03-04T15:22:11","guid":{"rendered":"https:\/\/wp.ufpel.edu.br\/fen\/?p=1466"},"modified":"2023-03-04T15:08:43","modified_gmt":"2023-03-04T18:08:43","slug":"barraca-da-saude-e-comtemplada-em-edital-do-pnvs-comunidade","status":"publish","type":"post","link":"https:\/\/wp.ufpel.edu.br\/fen\/barraca-da-saude-e-comtemplada-em-edital-do-pnvs-comunidade\/","title":{"rendered":"Barraca da Sa\u00fade \u00e9 contemplada em Edital do PNVS Comunidade"},"content":{"rendered":"<p>O Projeto de Extens\u00e3o \u201c<strong>Barraca da Sa\u00fade: cuidado interdisciplinar com comunidades da zona sul (vers\u00e3o turbo)<\/strong>\u201d coordenado pela Profa. Dra. Michele Mandagar\u00e1 de Oliveira da Faculdade de Enfermagem e coordena\u00e7\u00e3o adjunta Prof. Dr. Felipe Herrmann da Faculdade de Nutri\u00e7\u00e3o foi uns dos 20 projetos de extens\u00e3o de todo o Brasil contemplados no Edital 12\/2022 do Programa de extens\u00e3o para implementa\u00e7\u00e3o da pol\u00edtica nacional de vigil\u00e2ncia em sa\u00fade SUS e a participa\u00e7\u00e3o da Comunidade (PNVS Comunidade)<\/p>\n<p>O PNVS visa a inova\u00e7\u00e3o, em \u00e2mbito nacional, de Projetos de Extens\u00e3o voltados para o fortalecimento e a implementa\u00e7\u00e3o das a\u00e7\u00f5es de vigil\u00e2ncia e promo\u00e7\u00e3o em sa\u00fade, previstas na Pol\u00edtica Nacional de Vigil\u00e2ncia em Sa\u00fade (PNVS), sendo assim o Projeto Barraca da Sa\u00fade deve apoiar na implementa\u00e7\u00e3o da pol\u00edtica de Vigil\u00e2ncia e promo\u00e7\u00e3o da sa\u00fade na aten\u00e7\u00e3o b\u00e1sica metodologias e tecnologias.<\/p>\n<p>O edital foi uma a\u00e7\u00e3o do Minist\u00e9rio da Sa\u00fade; do Decanato de Extens\u00e3o da Universidade de Bras\u00edlia \u2013 Dex\/UnB; do F\u00f3rum de Pr\u00f3-reitores de Extens\u00e3o das Institui\u00e7\u00f5es P\u00fablicas de Educa\u00e7\u00e3o Superior Brasileiras (Forproex); e a Federa\u00e7\u00e3o Nacional dos Farmac\u00eauticos (Fenafar).<\/p>\n<p>A Faculdade de Enfermagem parabeniza a Coordenadora do Projeto e a todos integrantes do projeto pelo trabalho e reconhecimento.<\/p>\n<p><img class=\"alignnone size-medium wp-image-1468\" src=\"https:\/\/wp.ufpel.edu.br\/fen\/files\/2023\/03\/banner-aba-pnvs-atualizada-400x145.png\" alt=\"\" width=\"400\" height=\"145\" srcset=\"https:\/\/wp.ufpel.edu.br\/fen\/files\/2023\/03\/banner-aba-pnvs-atualizada-400x145.png 400w, https:\/\/wp.ufpel.edu.br\/fen\/files\/2023\/03\/banner-aba-pnvs-atualizada-1024x370.png 1024w, https:\/\/wp.ufpel.edu.br\/fen\/files\/2023\/03\/banner-aba-pnvs-atualizada-768x278.png 768w, https:\/\/wp.ufpel.edu.br\/fen\/files\/2023\/03\/banner-aba-pnvs-atualizada.png 1410w\" sizes=\"(max-width: 400px) 100vw, 400px\" \/> <img class=\"alignnone size-medium wp-image-1469\" src=\"https:\/\/wp.ufpel.edu.br\/fen\/files\/2023\/03\/barraca.png\" alt=\"\" width=\"225\" height=\"225\" srcset=\"https:\/\/wp.ufpel.edu.br\/fen\/files\/2023\/03\/barraca.png 225w, https:\/\/wp.ufpel.edu.br\/fen\/files\/2023\/03\/barraca-200x200.png 200w\" sizes=\"(max-width: 225px) 100vw, 225px\" \/><\/p>\n<p>&nbsp;<\/p>\n","protected":false},"excerpt":{"rendered":"<p>O Projeto de Extens\u00e3o \u201cBarraca da Sa\u00fade: cuidado interdisciplinar com comunidades da zona sul (vers\u00e3o turbo)\u201d coordenado pela Profa. Dra. Michele Mandagar\u00e1 de Oliveira da Faculdade de Enfermagem e coordena\u00e7\u00e3o adjunta Prof. Dr. Felipe Herrmann da Faculdade de Nutri\u00e7\u00e3o foi uns dos 20 projetos de extens\u00e3o de todo o Brasil contemplados no Edital 12\/2022 do [&hellip;]<\/p>\n","protected":false},"author":621,"featured_media":0,"comment_status":"closed","ping_status":"closed","sticky":false,"template":"","format":"standard","meta":{"footnotes":""},"categories":[1],"tags":[],"class_list":["post-1466","post","type-post","status-publish","format-standard","hentry","category-noticias"],"jetpack_featured_media_url":"","_links":{"self":[{"href":"https:\/\/wp.ufpel.edu.br\/fen\/wp-json\/wp\/v2\/posts\/1466","targetHints":{"allow":["GET"]}}],"collection":[{"href":"https:\/\/wp.ufpel.edu.br\/fen\/wp-json\/wp\/v2\/posts"}],"about":[{"href":"https:\/\/wp.ufpel.edu.br\/fen\/wp-json\/wp\/v2\/types\/post"}],"author":[{"embeddable":true,"href":"https:\/\/wp.ufpel.edu.br\/fen\/wp-json\/wp\/v2\/users\/621"}],"replies":[{"embeddable":true,"href":"https:\/\/wp.ufpel.edu.br\/fen\/wp-json\/wp\/v2\/comments?post=1466"}],"version-history":[{"count":3,"href":"https:\/\/wp.ufpel.edu.br\/fen\/wp-json\/wp\/v2\/posts\/1466\/revisions"}],"predecessor-version":[{"id":1472,"href":"https:\/\/wp.ufpel.edu.br\/fen\/wp-json\/wp\/v2\/posts\/1466\/revisions\/1472"}],"wp:attachment":[{"href":"https:\/\/wp.ufpel.edu.br\/fen\/wp-json\/wp\/v2\/media?parent=1466"}],"wp:term":[{"taxonomy":"category","embeddable":true,"href":"https:\/\/wp.ufpel.edu.br\/fen\/wp-json\/wp\/v2\/categories?post=1466"},{"taxonomy":"post_tag","embeddable":true,"href":"https:\/\/wp.ufpel.edu.br\/fen\/wp-json\/wp\/v2\/tags?post=1466"}],"curies":[{"name":"wp","href":"https:\/\/api.w.org\/{rel}","templated":true}]}}