{"id":1441,"date":"2022-11-18T10:45:32","date_gmt":"2022-11-18T13:45:32","guid":{"rendered":"https:\/\/wp.ufpel.edu.br\/fen\/?p=1441"},"modified":"2022-11-18T10:45:32","modified_gmt":"2022-11-18T13:45:32","slug":"simposio-negritude-em-pauta","status":"publish","type":"post","link":"https:\/\/wp.ufpel.edu.br\/fen\/simposio-negritude-em-pauta\/","title":{"rendered":"Simp\u00f3sio Negritude em Pauta"},"content":{"rendered":"<p>&nbsp;<\/p>\n<p>EDUCA\u00c7\u00c3O \u00c9TNICO-RACIAL NO ENSINO SUPERIOR EM SA\u00daDE: CAMINHOS PERCORRIDOS E OS DESAFIOS PARA A EFETIVA\u00c7\u00c3O.<\/p>\n<p>&nbsp;<\/p>\n<p>O evento vai acontecer pelo Webconf, com link liberado no instagram do Coletivo Hildete Bahia, no dia do evento, assim como o forms de inscri\u00e7\u00e3o.<\/p>\n<p>&nbsp;<\/p>\n<p><a href=\"https:\/\/www.instagram.com\/p\/ClEHoZ5AoGR\/?igshid=YmMyMTA2M2Y=\">https:\/\/www.instagram.com\/p\/ClEHoZ5AoGR\/?igshid=YmMyMTA2M2Y=<\/a><img class=\"wp-image-1444 aligncenter\" src=\"https:\/\/wp.ufpel.edu.br\/fen\/files\/2022\/11\/WhatsApp-Image-2022-11-18-at-10.44.09-400x400.jpeg\" alt=\"\" width=\"536\" height=\"536\" srcset=\"https:\/\/wp.ufpel.edu.br\/fen\/files\/2022\/11\/WhatsApp-Image-2022-11-18-at-10.44.09-400x400.jpeg 400w, https:\/\/wp.ufpel.edu.br\/fen\/files\/2022\/11\/WhatsApp-Image-2022-11-18-at-10.44.09-1024x1024.jpeg 1024w, https:\/\/wp.ufpel.edu.br\/fen\/files\/2022\/11\/WhatsApp-Image-2022-11-18-at-10.44.09-200x200.jpeg 200w, https:\/\/wp.ufpel.edu.br\/fen\/files\/2022\/11\/WhatsApp-Image-2022-11-18-at-10.44.09-768x769.jpeg 768w, https:\/\/wp.ufpel.edu.br\/fen\/files\/2022\/11\/WhatsApp-Image-2022-11-18-at-10.44.09.jpeg 1080w\" sizes=\"(max-width: 536px) 100vw, 536px\" \/><\/p>\n","protected":false},"excerpt":{"rendered":"<p>&nbsp; EDUCA\u00c7\u00c3O \u00c9TNICO-RACIAL NO ENSINO SUPERIOR EM SA\u00daDE: CAMINHOS PERCORRIDOS E OS DESAFIOS PARA A EFETIVA\u00c7\u00c3O. &nbsp; O evento vai acontecer pelo Webconf, com link liberado no instagram do Coletivo Hildete Bahia, no dia do evento, assim como o forms de inscri\u00e7\u00e3o. &nbsp; https:\/\/www.instagram.com\/p\/ClEHoZ5AoGR\/?igshid=YmMyMTA2M2Y=<\/p>\n","protected":false},"author":621,"featured_media":0,"comment_status":"closed","ping_status":"closed","sticky":false,"template":"","format":"standard","meta":{"footnotes":""},"categories":[1],"tags":[],"class_list":["post-1441","post","type-post","status-publish","format-standard","hentry","category-noticias"],"jetpack_featured_media_url":"","_links":{"self":[{"href":"https:\/\/wp.ufpel.edu.br\/fen\/wp-json\/wp\/v2\/posts\/1441","targetHints":{"allow":["GET"]}}],"collection":[{"href":"https:\/\/wp.ufpel.edu.br\/fen\/wp-json\/wp\/v2\/posts"}],"about":[{"href":"https:\/\/wp.ufpel.edu.br\/fen\/wp-json\/wp\/v2\/types\/post"}],"author":[{"embeddable":true,"href":"https:\/\/wp.ufpel.edu.br\/fen\/wp-json\/wp\/v2\/users\/621"}],"replies":[{"embeddable":true,"href":"https:\/\/wp.ufpel.edu.br\/fen\/wp-json\/wp\/v2\/comments?post=1441"}],"version-history":[{"count":1,"href":"https:\/\/wp.ufpel.edu.br\/fen\/wp-json\/wp\/v2\/posts\/1441\/revisions"}],"predecessor-version":[{"id":1445,"href":"https:\/\/wp.ufpel.edu.br\/fen\/wp-json\/wp\/v2\/posts\/1441\/revisions\/1445"}],"wp:attachment":[{"href":"https:\/\/wp.ufpel.edu.br\/fen\/wp-json\/wp\/v2\/media?parent=1441"}],"wp:term":[{"taxonomy":"category","embeddable":true,"href":"https:\/\/wp.ufpel.edu.br\/fen\/wp-json\/wp\/v2\/categories?post=1441"},{"taxonomy":"post_tag","embeddable":true,"href":"https:\/\/wp.ufpel.edu.br\/fen\/wp-json\/wp\/v2\/tags?post=1441"}],"curies":[{"name":"wp","href":"https:\/\/api.w.org\/{rel}","templated":true}]}}