{"id":1244,"date":"2021-11-25T14:52:00","date_gmt":"2021-11-25T17:52:00","guid":{"rendered":"https:\/\/wp.ufpel.edu.br\/fen\/?p=1244"},"modified":"2021-11-25T14:52:00","modified_gmt":"2021-11-25T17:52:00","slug":"apresentacao-publica-das-propostas-eleicao-para-o-colegiado","status":"publish","type":"post","link":"https:\/\/wp.ufpel.edu.br\/fen\/apresentacao-publica-das-propostas-eleicao-para-o-colegiado\/","title":{"rendered":"Apresenta\u00e7\u00e3o p\u00fablica das propostas &#8211; Elei\u00e7\u00e3o para o Colegiado"},"content":{"rendered":"<p>Clique <a href=\"https:\/\/webconf.ufpel.edu.br\/b\/vin-c9g-rep-qln\">Aqui para acessar a sala!<\/a><\/p>\n<p><img class=\"wp-image-1246 aligncenter\" src=\"https:\/\/wp.ufpel.edu.br\/fen\/files\/2021\/11\/WhatsApp-Image-2021-11-25-at-14.43.10-400x225.jpeg\" alt=\"\" width=\"450\" height=\"253\" srcset=\"https:\/\/wp.ufpel.edu.br\/fen\/files\/2021\/11\/WhatsApp-Image-2021-11-25-at-14.43.10-400x225.jpeg 400w, https:\/\/wp.ufpel.edu.br\/fen\/files\/2021\/11\/WhatsApp-Image-2021-11-25-at-14.43.10-1024x576.jpeg 1024w, https:\/\/wp.ufpel.edu.br\/fen\/files\/2021\/11\/WhatsApp-Image-2021-11-25-at-14.43.10-768x432.jpeg 768w, https:\/\/wp.ufpel.edu.br\/fen\/files\/2021\/11\/WhatsApp-Image-2021-11-25-at-14.43.10.jpeg 1280w\" sizes=\"(max-width: 450px) 100vw, 450px\" \/><\/p>\n","protected":false},"excerpt":{"rendered":"<p>Clique Aqui para acessar a sala!<\/p>\n","protected":false},"author":621,"featured_media":0,"comment_status":"closed","ping_status":"closed","sticky":false,"template":"","format":"standard","meta":{"footnotes":""},"categories":[1],"tags":[],"class_list":["post-1244","post","type-post","status-publish","format-standard","hentry","category-noticias"],"jetpack_featured_media_url":"","_links":{"self":[{"href":"https:\/\/wp.ufpel.edu.br\/fen\/wp-json\/wp\/v2\/posts\/1244","targetHints":{"allow":["GET"]}}],"collection":[{"href":"https:\/\/wp.ufpel.edu.br\/fen\/wp-json\/wp\/v2\/posts"}],"about":[{"href":"https:\/\/wp.ufpel.edu.br\/fen\/wp-json\/wp\/v2\/types\/post"}],"author":[{"embeddable":true,"href":"https:\/\/wp.ufpel.edu.br\/fen\/wp-json\/wp\/v2\/users\/621"}],"replies":[{"embeddable":true,"href":"https:\/\/wp.ufpel.edu.br\/fen\/wp-json\/wp\/v2\/comments?post=1244"}],"version-history":[{"count":1,"href":"https:\/\/wp.ufpel.edu.br\/fen\/wp-json\/wp\/v2\/posts\/1244\/revisions"}],"predecessor-version":[{"id":1247,"href":"https:\/\/wp.ufpel.edu.br\/fen\/wp-json\/wp\/v2\/posts\/1244\/revisions\/1247"}],"wp:attachment":[{"href":"https:\/\/wp.ufpel.edu.br\/fen\/wp-json\/wp\/v2\/media?parent=1244"}],"wp:term":[{"taxonomy":"category","embeddable":true,"href":"https:\/\/wp.ufpel.edu.br\/fen\/wp-json\/wp\/v2\/categories?post=1244"},{"taxonomy":"post_tag","embeddable":true,"href":"https:\/\/wp.ufpel.edu.br\/fen\/wp-json\/wp\/v2\/tags?post=1244"}],"curies":[{"name":"wp","href":"https:\/\/api.w.org\/{rel}","templated":true}]}}