{"id":236,"date":"2017-07-06T14:49:06","date_gmt":"2017-07-06T17:49:06","guid":{"rendered":"https:\/\/wp.ufpel.edu.br\/felinamente\/?p=236"},"modified":"2017-07-06T14:49:24","modified_gmt":"2017-07-06T17:49:24","slug":"feira-de-adocao-de-caes-e-gatos","status":"publish","type":"post","link":"https:\/\/wp.ufpel.edu.br\/felinamente\/2017\/07\/06\/feira-de-adocao-de-caes-e-gatos\/","title":{"rendered":"Feira de ado\u00e7\u00e3o de c\u00e3es e gatos"},"content":{"rendered":"<p>N\u00e3o compre, adote!<!--more--><\/p>\n<p>No pr\u00f3ximo domingo, dia 09 de julho, a ONG SOS Animais realizar\u00e1 mais uma feira de ado\u00e7\u00e3o de c\u00e3es e gatos na Associa\u00e7\u00e3o Rural de Pelotas, das 10 \u00e0s 16 horas. Divulgue e participe!<\/p>\n<p>Mais informa\u00e7\u00f5es no facebook <a href=\"https:\/\/www.facebook.com\/sosanimaispelotas\/\">SOS Animais Pelotas<\/a><\/p>\n","protected":false},"excerpt":{"rendered":"<p>N\u00e3o compre, adote!<\/p>\n","protected":false},"author":472,"featured_media":0,"comment_status":"closed","ping_status":"closed","sticky":false,"template":"","format":"standard","meta":{"footnotes":""},"categories":[1],"tags":[],"class_list":["post-236","post","type-post","status-publish","format-standard","hentry","category-noticias"],"jetpack_featured_media_url":"","_links":{"self":[{"href":"https:\/\/wp.ufpel.edu.br\/felinamente\/wp-json\/wp\/v2\/posts\/236","targetHints":{"allow":["GET"]}}],"collection":[{"href":"https:\/\/wp.ufpel.edu.br\/felinamente\/wp-json\/wp\/v2\/posts"}],"about":[{"href":"https:\/\/wp.ufpel.edu.br\/felinamente\/wp-json\/wp\/v2\/types\/post"}],"author":[{"embeddable":true,"href":"https:\/\/wp.ufpel.edu.br\/felinamente\/wp-json\/wp\/v2\/users\/472"}],"replies":[{"embeddable":true,"href":"https:\/\/wp.ufpel.edu.br\/felinamente\/wp-json\/wp\/v2\/comments?post=236"}],"version-history":[{"count":1,"href":"https:\/\/wp.ufpel.edu.br\/felinamente\/wp-json\/wp\/v2\/posts\/236\/revisions"}],"predecessor-version":[{"id":238,"href":"https:\/\/wp.ufpel.edu.br\/felinamente\/wp-json\/wp\/v2\/posts\/236\/revisions\/238"}],"wp:attachment":[{"href":"https:\/\/wp.ufpel.edu.br\/felinamente\/wp-json\/wp\/v2\/media?parent=236"}],"wp:term":[{"taxonomy":"category","embeddable":true,"href":"https:\/\/wp.ufpel.edu.br\/felinamente\/wp-json\/wp\/v2\/categories?post=236"},{"taxonomy":"post_tag","embeddable":true,"href":"https:\/\/wp.ufpel.edu.br\/felinamente\/wp-json\/wp\/v2\/tags?post=236"}],"curies":[{"name":"wp","href":"https:\/\/api.w.org\/{rel}","templated":true}]}}