{"id":1388,"date":"2019-07-15T16:13:34","date_gmt":"2019-07-15T19:13:34","guid":{"rendered":"https:\/\/wp.ufpel.edu.br\/faurb\/?p=1388"},"modified":"2019-07-15T16:13:34","modified_gmt":"2019-07-15T19:13:34","slug":"selecao-para-aluno-especial-2019-2","status":"publish","type":"post","link":"https:\/\/wp.ufpel.edu.br\/faurb\/2019\/07\/15\/selecao-para-aluno-especial-2019-2\/","title":{"rendered":"SELE\u00c7\u00c3O PARA ALUNO ESPECIAL 2019\/2"},"content":{"rendered":"<p><a href=\"https:\/\/wp.ufpel.edu.br\/faurb\/files\/2019\/04\/logo_prograu.png\"><img loading=\"lazy\" decoding=\"async\" data-attachment-id=\"1137\" data-permalink=\"https:\/\/wp.ufpel.edu.br\/faurb\/2019\/04\/12\/convites-palestra-e-bancas-de-qualificacao-de-dissertacao\/logo_prograu-2\/\" data-orig-file=\"https:\/\/wp.ufpel.edu.br\/faurb\/files\/2019\/04\/logo_prograu.png\" data-orig-size=\"362,93\" data-comments-opened=\"0\" data-image-meta=\"{&quot;aperture&quot;:&quot;0&quot;,&quot;credit&quot;:&quot;&quot;,&quot;camera&quot;:&quot;&quot;,&quot;caption&quot;:&quot;&quot;,&quot;created_timestamp&quot;:&quot;0&quot;,&quot;copyright&quot;:&quot;&quot;,&quot;focal_length&quot;:&quot;0&quot;,&quot;iso&quot;:&quot;0&quot;,&quot;shutter_speed&quot;:&quot;0&quot;,&quot;title&quot;:&quot;&quot;,&quot;orientation&quot;:&quot;0&quot;}\" data-image-title=\"logo_prograu\" data-image-description=\"\" data-image-caption=\"\" data-medium-file=\"https:\/\/wp.ufpel.edu.br\/faurb\/files\/2019\/04\/logo_prograu.png\" data-large-file=\"https:\/\/wp.ufpel.edu.br\/faurb\/files\/2019\/04\/logo_prograu.png\" class=\"alignnone size-full wp-image-1137\" src=\"https:\/\/wp.ufpel.edu.br\/faurb\/files\/2019\/04\/logo_prograu.png\" alt=\"\" width=\"362\" height=\"93\" \/><\/a><\/p>\n<p>A Universidade Federal de Pelotas em conformidade com o Regimento Stricto Sensu da Pr\u00f3-Reitoria de Pesquisa e P\u00f3s-Gradua\u00e7\u00e3o, a Coordena\u00e7\u00e3o do Programa de P\u00f3s-Gradua\u00e7\u00e3o em Arquitetura e Urbanismo, em n\u00edvel de mestrado, torna p\u00fablico, para conhecimento, o processo de sele\u00e7\u00e3o de candidatos interessados em\u00a0<strong>cursar disciplina optativa como aluno especial<\/strong>\u00a0do referido Programa, nos termos estabelecidos<strong>\u00a0<a href=\"https:\/\/wp.ufpel.edu.br\/prograu\/files\/2019\/07\/Edital-de-sele%C3%A7%C3%A3o-82-PPG-Arquitetura-e-Urbanismo-Aluno-especial.pdf\" target=\"_blank\" rel=\"noopener noreferrer\" data-saferedirecturl=\"https:\/\/www.google.com\/url?q=https:\/\/wp.ufpel.edu.br\/prograu\/files\/2019\/07\/Edital-de-sele%25C3%25A7%25C3%25A3o-82-PPG-Arquitetura-e-Urbanismo-Aluno-especial.pdf&amp;source=gmail&amp;ust=1563303014147000&amp;usg=AFQjCNH44xSaHIyx75iHgRugrVe45Hc8jQ\">no Edital de sele\u00e7\u00e3o<\/a><\/strong>.dispon\u00edvel em:\u00a0<a href=\"https:\/\/wp.ufpel.edu.br\/prograu\/2019\/07\/11\/selecao-para-aluno-especial-2019-2\/\" target=\"_blank\" rel=\"noopener noreferrer\" data-saferedirecturl=\"https:\/\/www.google.com\/url?q=https:\/\/wp.ufpel.edu.br\/prograu\/2019\/07\/11\/selecao-para-aluno-especial-2019-2\/&amp;source=gmail&amp;ust=1563303014147000&amp;usg=AFQjCNE3SPC6j_h9aadVcuMM4E7ImLx6Fw\">https:\/\/wp.ufpel.edu.br\/prograu\/2019\/07\/11\/selecao-para-aluno-especial-2019-2\/<\/a><\/p>\n<p>As inscri\u00e7\u00f5es ocorrer\u00e3o de de\u00a0<strong>15\/07\/2019 a 30\/07\/2019 at\u00e9 as 23h59 minutos, unicamente via e-mail:\u00a0<a href=\"mailto:prograu.ufpel@gmail.com\" target=\"_blank\" rel=\"noopener noreferrer\">prograu.ufpel@gmail.com<\/a>.\u00a0<\/strong>Somente se necess\u00e1rio ser\u00e1 solicitado os documentos originais no momento da matr\u00edcula.<\/p>\n<p>Para mais informa\u00e7\u00f5es entre em contato com o PROGRAU pelo e-mail:\u00a0<a href=\"mailto:prograu.ufpel@gmail.com\" target=\"_blank\" rel=\"noopener noreferrer\">prograu.ufpel@gmail.com<\/a>\u00a0ou pelo telefone: (53) 3284-5511.<\/p>\n","protected":false},"excerpt":{"rendered":"<p>A Universidade Federal de Pelotas em conformidade com o Regimento Stricto Sensu da Pr\u00f3-Reitoria de Pesquisa e P\u00f3s-Gradua\u00e7\u00e3o, a Coordena\u00e7\u00e3o do Programa de P\u00f3s-Gradua\u00e7\u00e3o em Arquitetura e Urbanismo, em n\u00edvel de mestrado, torna p\u00fablico, para conhecimento, o processo de sele\u00e7\u00e3o de candidatos interessados em\u00a0cursar disciplina optativa como aluno especial\u00a0do referido Programa, nos termos estabelecidos\u00a0no Edital [&hellip;]<\/p>\n","protected":false},"author":831,"featured_media":1137,"comment_status":"closed","ping_status":"closed","sticky":false,"template":"","format":"image","meta":{"jetpack_post_was_ever_published":false,"_jetpack_newsletter_access":"","_jetpack_dont_email_post_to_subs":false,"_jetpack_newsletter_tier_id":0,"_jetpack_memberships_contains_paywalled_content":false,"_jetpack_memberships_contains_paid_content":false,"footnotes":"","jetpack_publicize_message":"","jetpack_publicize_feature_enabled":true,"jetpack_social_post_already_shared":true,"jetpack_social_options":{"image_generator_settings":{"template":"highway","default_image_id":0,"font":"","enabled":false},"version":2}},"categories":[21],"tags":[],"class_list":["post-1388","post","type-post","status-publish","format-image","has-post-thumbnail","hentry","category-noticias","post_format-post-format-image"],"jetpack_publicize_connections":[],"jetpack_featured_media_url":"https:\/\/wp.ufpel.edu.br\/faurb\/files\/2019\/04\/logo_prograu.png","jetpack_sharing_enabled":true,"jetpack_shortlink":"https:\/\/wp.me\/p7YVy4-mo","jetpack-related-posts":[],"_links":{"self":[{"href":"https:\/\/wp.ufpel.edu.br\/faurb\/wp-json\/wp\/v2\/posts\/1388","targetHints":{"allow":["GET"]}}],"collection":[{"href":"https:\/\/wp.ufpel.edu.br\/faurb\/wp-json\/wp\/v2\/posts"}],"about":[{"href":"https:\/\/wp.ufpel.edu.br\/faurb\/wp-json\/wp\/v2\/types\/post"}],"author":[{"embeddable":true,"href":"https:\/\/wp.ufpel.edu.br\/faurb\/wp-json\/wp\/v2\/users\/831"}],"replies":[{"embeddable":true,"href":"https:\/\/wp.ufpel.edu.br\/faurb\/wp-json\/wp\/v2\/comments?post=1388"}],"version-history":[{"count":1,"href":"https:\/\/wp.ufpel.edu.br\/faurb\/wp-json\/wp\/v2\/posts\/1388\/revisions"}],"predecessor-version":[{"id":1390,"href":"https:\/\/wp.ufpel.edu.br\/faurb\/wp-json\/wp\/v2\/posts\/1388\/revisions\/1390"}],"wp:featuredmedia":[{"embeddable":true,"href":"https:\/\/wp.ufpel.edu.br\/faurb\/wp-json\/wp\/v2\/media\/1137"}],"wp:attachment":[{"href":"https:\/\/wp.ufpel.edu.br\/faurb\/wp-json\/wp\/v2\/media?parent=1388"}],"wp:term":[{"taxonomy":"category","embeddable":true,"href":"https:\/\/wp.ufpel.edu.br\/faurb\/wp-json\/wp\/v2\/categories?post=1388"},{"taxonomy":"post_tag","embeddable":true,"href":"https:\/\/wp.ufpel.edu.br\/faurb\/wp-json\/wp\/v2\/tags?post=1388"}],"curies":[{"name":"wp","href":"https:\/\/api.w.org\/{rel}","templated":true}]}}