{"id":3265,"date":"2025-05-23T23:31:30","date_gmt":"2025-05-24T02:31:30","guid":{"rendered":"https:\/\/wp.ufpel.edu.br\/farmacia\/?p=3265"},"modified":"2025-09-13T12:00:11","modified_gmt":"2025-09-13T15:00:11","slug":"eleicoes-para-coordenacao-do-curso-2025-2027-2","status":"publish","type":"post","link":"https:\/\/wp.ufpel.edu.br\/farmacia\/eleicoes-para-coordenacao-do-curso-2025-2027-2\/","title":{"rendered":"Elei\u00e7\u00f5es para Coordena\u00e7\u00e3o do Curso 2025-2027"},"content":{"rendered":"<p>A comiss\u00e3o eleitoral torna p\u00fablico novo edital para consulta \u00e0 comunidade sobre a defini\u00e7\u00e3o da coordena\u00e7\u00e3o do Curso de Farm\u00e1cia bi\u00eanio 2025-2027 (Edital N<sup>o<\/sup>6\/2025, Processo SEI 23110.015563\/2025-17).<\/p>\n<p>Cronograma das elei\u00e7\u00f5es:<\/p>\n<div class=\"gmail_default\">27\/05 &#8211; inscri\u00e7\u00e3o (8h \u00e0s 17h)<\/div>\n<div class=\"gmail_default\">28\/05 &#8211; inscri\u00e7\u00e3o (8h \u00e0s 13h30min)<\/div>\n<div class=\"gmail_default\">29\/05 &#8211; homologa\u00e7\u00e3o das inscri\u00e7\u00f5es e divulga\u00e7\u00e3o das listas de votantes<\/div>\n<div class=\"gmail_default\">03\/06 &#8211; vota\u00e7\u00e3o (8h \u00e0s 17h)<\/div>\n<div class=\"gmail_default\">04\/06 &#8211; vota\u00e7\u00e3o (8h \u00e0 13h30min)<\/div>\n<div class=\"gmail_default\">05\/06 &#8211; vota\u00e7\u00e3o (8h \u00e0s 17h)<\/div>\n<div class=\"gmail_default\">06\/06 &#8211; homologa\u00e7\u00e3o dos resultados<\/div>\n","protected":false},"excerpt":{"rendered":"<p>A comiss\u00e3o eleitoral torna p\u00fablico novo edital para consulta \u00e0 comunidade sobre a defini\u00e7\u00e3o da coordena\u00e7\u00e3o do Curso de Farm\u00e1cia bi\u00eanio 2025-2027 (Edital No6\/2025, Processo SEI 23110.015563\/2025-17). Cronograma das elei\u00e7\u00f5es: 27\/05 &#8211; inscri\u00e7\u00e3o (8h \u00e0s 17h) 28\/05 &#8211; inscri\u00e7\u00e3o (8h \u00e0s 13h30min) 29\/05 &#8211; homologa\u00e7\u00e3o das inscri\u00e7\u00f5es e divulga\u00e7\u00e3o das listas de votantes 03\/06 &#8211; &hellip; <\/p>\n<p><a class=\"more-link btn\" href=\"https:\/\/wp.ufpel.edu.br\/farmacia\/eleicoes-para-coordenacao-do-curso-2025-2027-2\/\">Continue lendo<\/a><\/p>\n","protected":false},"author":222,"featured_media":0,"comment_status":"closed","ping_status":"closed","sticky":false,"template":"","format":"standard","meta":{"jetpack_post_was_ever_published":false,"_jetpack_newsletter_access":"","_jetpack_dont_email_post_to_subs":false,"_jetpack_newsletter_tier_id":0,"_jetpack_memberships_contains_paywalled_content":false,"_jetpack_memberships_contains_paid_content":false,"footnotes":"","jetpack_publicize_message":"","jetpack_publicize_feature_enabled":true,"jetpack_social_post_already_shared":true,"jetpack_social_options":{"image_generator_settings":{"template":"highway","default_image_id":0,"font":"","enabled":false},"version":2}},"categories":[82216],"tags":[],"class_list":["post-3265","post","type-post","status-publish","format-standard","hentry","category-82216","item-wrap"],"jetpack_publicize_connections":[],"jetpack_featured_media_url":"","jetpack_sharing_enabled":true,"jetpack_shortlink":"https:\/\/wp.me\/p6QO3Z-QF","_links":{"self":[{"href":"https:\/\/wp.ufpel.edu.br\/farmacia\/wp-json\/wp\/v2\/posts\/3265","targetHints":{"allow":["GET"]}}],"collection":[{"href":"https:\/\/wp.ufpel.edu.br\/farmacia\/wp-json\/wp\/v2\/posts"}],"about":[{"href":"https:\/\/wp.ufpel.edu.br\/farmacia\/wp-json\/wp\/v2\/types\/post"}],"author":[{"embeddable":true,"href":"https:\/\/wp.ufpel.edu.br\/farmacia\/wp-json\/wp\/v2\/users\/222"}],"replies":[{"embeddable":true,"href":"https:\/\/wp.ufpel.edu.br\/farmacia\/wp-json\/wp\/v2\/comments?post=3265"}],"version-history":[{"count":1,"href":"https:\/\/wp.ufpel.edu.br\/farmacia\/wp-json\/wp\/v2\/posts\/3265\/revisions"}],"predecessor-version":[{"id":3266,"href":"https:\/\/wp.ufpel.edu.br\/farmacia\/wp-json\/wp\/v2\/posts\/3265\/revisions\/3266"}],"wp:attachment":[{"href":"https:\/\/wp.ufpel.edu.br\/farmacia\/wp-json\/wp\/v2\/media?parent=3265"}],"wp:term":[{"taxonomy":"category","embeddable":true,"href":"https:\/\/wp.ufpel.edu.br\/farmacia\/wp-json\/wp\/v2\/categories?post=3265"},{"taxonomy":"post_tag","embeddable":true,"href":"https:\/\/wp.ufpel.edu.br\/farmacia\/wp-json\/wp\/v2\/tags?post=3265"}],"curies":[{"name":"wp","href":"https:\/\/api.w.org\/{rel}","templated":true}]}}