{"id":3260,"date":"2025-05-22T15:18:40","date_gmt":"2025-05-22T18:18:40","guid":{"rendered":"https:\/\/wp.ufpel.edu.br\/farmacia\/?p=3260"},"modified":"2025-09-13T12:00:21","modified_gmt":"2025-09-13T15:00:21","slug":"homologacao-das-inscricoes-para-coordenacao-do-curso-de-farmacia-2025-2027","status":"publish","type":"post","link":"https:\/\/wp.ufpel.edu.br\/farmacia\/homologacao-das-inscricoes-para-coordenacao-do-curso-de-farmacia-2025-2027\/","title":{"rendered":"HOMOLOGA\u00c7\u00c3O DAS INSCRI\u00c7\u00d5ES PARA COORDENA\u00c7\u00c3O DO CURSO DE FARM\u00c1CIA (2025-2027)"},"content":{"rendered":"<p>A comiss\u00e3o eleitoral comunica que n\u00e3o houve chapa inscrita para concorrer aos cargos de Coordenador e Coordenador adjunto do Curso de Farm\u00e1cia, bi\u00eanio 2025-2027, conforme previsto no Edital N<sup><sub>o<\/sub><\/sup> 01\/2025\/Farm\u00e1cia (Processo SEI\u00a0n\u00ba 23110.015563\/2025-17).<\/p>\n<p>Novas elei\u00e7\u00f5es ser\u00e3o convocadas em breve.<\/p>\n","protected":false},"excerpt":{"rendered":"<p>A comiss\u00e3o eleitoral comunica que n\u00e3o houve chapa inscrita para concorrer aos cargos de Coordenador e Coordenador adjunto do Curso de Farm\u00e1cia, bi\u00eanio 2025-2027, conforme previsto no Edital No 01\/2025\/Farm\u00e1cia (Processo SEI\u00a0n\u00ba 23110.015563\/2025-17). Novas elei\u00e7\u00f5es ser\u00e3o convocadas em breve.<\/p>\n","protected":false},"author":222,"featured_media":0,"comment_status":"closed","ping_status":"closed","sticky":false,"template":"","format":"standard","meta":{"jetpack_post_was_ever_published":false,"_jetpack_newsletter_access":"","_jetpack_dont_email_post_to_subs":false,"_jetpack_newsletter_tier_id":0,"_jetpack_memberships_contains_paywalled_content":false,"_jetpack_memberships_contains_paid_content":false,"footnotes":"","jetpack_publicize_message":"","jetpack_publicize_feature_enabled":true,"jetpack_social_post_already_shared":true,"jetpack_social_options":{"image_generator_settings":{"template":"highway","default_image_id":0,"font":"","enabled":false},"version":2}},"categories":[82216],"tags":[82215],"class_list":["post-3260","post","type-post","status-publish","format-standard","hentry","category-82216","tag-eleicoescoordenacao","item-wrap"],"jetpack_publicize_connections":[],"jetpack_featured_media_url":"","jetpack_sharing_enabled":true,"jetpack_shortlink":"https:\/\/wp.me\/p6QO3Z-QA","_links":{"self":[{"href":"https:\/\/wp.ufpel.edu.br\/farmacia\/wp-json\/wp\/v2\/posts\/3260","targetHints":{"allow":["GET"]}}],"collection":[{"href":"https:\/\/wp.ufpel.edu.br\/farmacia\/wp-json\/wp\/v2\/posts"}],"about":[{"href":"https:\/\/wp.ufpel.edu.br\/farmacia\/wp-json\/wp\/v2\/types\/post"}],"author":[{"embeddable":true,"href":"https:\/\/wp.ufpel.edu.br\/farmacia\/wp-json\/wp\/v2\/users\/222"}],"replies":[{"embeddable":true,"href":"https:\/\/wp.ufpel.edu.br\/farmacia\/wp-json\/wp\/v2\/comments?post=3260"}],"version-history":[{"count":3,"href":"https:\/\/wp.ufpel.edu.br\/farmacia\/wp-json\/wp\/v2\/posts\/3260\/revisions"}],"predecessor-version":[{"id":3263,"href":"https:\/\/wp.ufpel.edu.br\/farmacia\/wp-json\/wp\/v2\/posts\/3260\/revisions\/3263"}],"wp:attachment":[{"href":"https:\/\/wp.ufpel.edu.br\/farmacia\/wp-json\/wp\/v2\/media?parent=3260"}],"wp:term":[{"taxonomy":"category","embeddable":true,"href":"https:\/\/wp.ufpel.edu.br\/farmacia\/wp-json\/wp\/v2\/categories?post=3260"},{"taxonomy":"post_tag","embeddable":true,"href":"https:\/\/wp.ufpel.edu.br\/farmacia\/wp-json\/wp\/v2\/tags?post=3260"}],"curies":[{"name":"wp","href":"https:\/\/api.w.org\/{rel}","templated":true}]}}