{"id":636,"date":"2025-11-24T11:22:58","date_gmt":"2025-11-24T14:22:58","guid":{"rendered":"https:\/\/wp.ufpel.edu.br\/famedcol\/?p=636"},"modified":"2025-11-24T11:22:58","modified_gmt":"2025-11-24T14:22:58","slug":"saude-da-pessoa-surda-um-olhar-dos-profissionais-da-rede-de-atencao-a-saude-e-da-comunidade-surda","status":"publish","type":"post","link":"https:\/\/wp.ufpel.edu.br\/famedcol\/2025\/11\/24\/saude-da-pessoa-surda-um-olhar-dos-profissionais-da-rede-de-atencao-a-saude-e-da-comunidade-surda\/","title":{"rendered":"\u00a0&#8220;Sa\u00fade da pessoa surda: um olhar dos profissionais da Rede de Aten\u00e7\u00e3o \u00e0 Sa\u00fade e da Comunidade Surda.&#8221;"},"content":{"rendered":"<p dir=\"ltr\">Prezados(as) membros dos Colegiados,<\/p>\n<p>&nbsp;<\/p>\n<p dir=\"ltr\">Espero que esta mensagem os encontre bem.<\/p>\n<p>&nbsp;<\/p>\n<p dir=\"ltr\">Meu nome \u00e9 Mariana Ferreira Duarte Borges, sou discente do curso de Medicina da Universidade Federal de Pelotas, e atualmente sou bolsista de inicia\u00e7\u00e3o cient\u00edfica pelo programa PROBIC\/FAPERGS. Estou desenvolvendo, junto \u00e0s minhas professoras orientadoras Camila Irigonh\u00e9 Ramos do DMS\/FAMED e Daiana San Martins Goulart do CLC\/Letras libras, uma pesquisa\u00a0 intitulada:\u00a0&#8220;Sa\u00fade da pessoa surda: um olhar dos profissionais da Rede de Aten\u00e7\u00e3o \u00e0 Sa\u00fade e da Comunidade Surda.&#8221;<\/p>\n<p>&nbsp;<\/p>\n<p dir=\"ltr\">Esta pesquisa tem como objetivo compreender, a partir de diferentes perspectivas, os desafios enfrentados pela popula\u00e7\u00e3o surda no acesso aos servi\u00e7os de sa\u00fade, bem como identificar poss\u00edveis caminhos para a promo\u00e7\u00e3o de uma aten\u00e7\u00e3o mais inclusiva, equitativa e eficaz.Trata-se de um estudo inovador, que busca contribuir significativamente para a melhoria das pr\u00e1ticas profissionais e para a constru\u00e7\u00e3o de um atendimento em sa\u00fade mais sens\u00edvel \u00e0s necessidades da comunidade surda.<\/p>\n<p>&nbsp;<\/p>\n<p dir=\"ltr\">Dessa forma, venho, por meio deste, solicitar gentilmente o apoio dos colegiados na divulga\u00e7\u00e3o do link do question\u00e1rio da pesquisa\u00a0aos estudantes dos dois \u00faltimos semestres de cada curso a seguir: Medicina, Farm\u00e1cia, Odontologia, Nutri\u00e7\u00e3o, Terapia Ocupacional, Fisioterapia, Psicologia, Educa\u00e7\u00e3o F\u00edsica.<\/p>\n<div><\/div>\n<p dir=\"ltr\">A participa\u00e7\u00e3o dos(as) discentes \u00e9 de extrema import\u00e2ncia\u00a0para a obten\u00e7\u00e3o de dados que abranjam diferentes vis\u00f5es e experi\u00eancias sobre a tem\u00e1tica, enriquecendo a an\u00e1lise e fortalecendo os resultados do estudo. Ressaltamos que todas as respostas ser\u00e3o tratadas com total sigilo e utilizadas exclusivamente para fins acad\u00eamicos, conforme os princ\u00edpios \u00e9ticos da pesquisa cient\u00edfica.<\/p>\n<div>\n<p dir=\"ltr\"><b>Segue, abaixo, o link de acesso ao question\u00e1rio:<\/b><\/p>\n<p dir=\"ltr\"><a href=\"https:\/\/docs.google.com\/forms\/d\/e\/1FAIpQLSfxy0OvjQ6eX4PXzugzlEwJ5S7Jfsaw1jGNymIGWLCaIVuU7g\/viewform?usp=dialog\" target=\"_blank\" rel=\"noopener noreferrer\">https:\/\/docs.google.com\/forms\/d\/e\/1FAIpQLSfxy0OvjQ6eX4PXzugzlEwJ5S7Jfsaw1jGNymIGWLCaIVuU7g\/viewform?usp=dialog<\/a><\/p>\n<\/div>\n<p dir=\"ltr\">Desde j\u00e1, agradecemos imensamente pela colabora\u00e7\u00e3o e pelo apoio \u00e0 constru\u00e7\u00e3o de uma sociedade mais inclusiva e consciente das diversidades.<\/p>\n<p>&nbsp;<\/p>\n<p dir=\"ltr\">Atenciosamente,<\/p>\n<p dir=\"ltr\">Mariana Borges . Estudante de Medicina \u2013 UFPel. Bolsista de Inicia\u00e7\u00e3o Cient\u00edfica,Telefone: (55) 999720646; Email:\u00a0<a href=\"mailto:mariborges.sg@gmail.com\" rel=\"noreferrer\">mariborges.sg@gmail.com<\/a><\/p>\n<p dir=\"ltr\">Contato das Professoras coordenadoras: Daiana San Martins Goulart (<a href=\"mailto:daiana.goulart@ufpel.edu.br\" rel=\"noreferrer\">daiana.goulart@ufpel.edu.br<\/a>);\u00a0\u00a0Camila Irigonh\u00e9 Ramos (<a href=\"mailto:mila85@gmail.com\" rel=\"noreferrer\">mila85@gmail.com<\/a>)<\/p>\n","protected":false},"excerpt":{"rendered":"<p>Prezados(as) membros dos Colegiados, &nbsp; Espero que esta mensagem os encontre bem. &nbsp; Meu nome \u00e9 Mariana Ferreira Duarte Borges, sou discente do curso de Medicina da Universidade Federal de Pelotas, e atualmente sou bolsista de inicia\u00e7\u00e3o cient\u00edfica pelo programa PROBIC\/FAPERGS. Estou desenvolvendo, junto \u00e0s minhas professoras orientadoras Camila Irigonh\u00e9 Ramos do DMS\/FAMED e Daiana&#8230; <\/p>\n<div class=\"link-more\"><a href=\"https:\/\/wp.ufpel.edu.br\/famedcol\/2025\/11\/24\/saude-da-pessoa-surda-um-olhar-dos-profissionais-da-rede-de-atencao-a-saude-e-da-comunidade-surda\/\">Leia mais<\/a><\/div>\n","protected":false},"author":1245,"featured_media":0,"comment_status":"closed","ping_status":"closed","sticky":false,"template":"","format":"standard","meta":{"footnotes":""},"categories":[1],"tags":[],"class_list":["post-636","post","type-post","status-publish","format-standard","hentry","category-noticias"],"jetpack_featured_media_url":"","_links":{"self":[{"href":"https:\/\/wp.ufpel.edu.br\/famedcol\/wp-json\/wp\/v2\/posts\/636","targetHints":{"allow":["GET"]}}],"collection":[{"href":"https:\/\/wp.ufpel.edu.br\/famedcol\/wp-json\/wp\/v2\/posts"}],"about":[{"href":"https:\/\/wp.ufpel.edu.br\/famedcol\/wp-json\/wp\/v2\/types\/post"}],"author":[{"embeddable":true,"href":"https:\/\/wp.ufpel.edu.br\/famedcol\/wp-json\/wp\/v2\/users\/1245"}],"replies":[{"embeddable":true,"href":"https:\/\/wp.ufpel.edu.br\/famedcol\/wp-json\/wp\/v2\/comments?post=636"}],"version-history":[{"count":2,"href":"https:\/\/wp.ufpel.edu.br\/famedcol\/wp-json\/wp\/v2\/posts\/636\/revisions"}],"predecessor-version":[{"id":639,"href":"https:\/\/wp.ufpel.edu.br\/famedcol\/wp-json\/wp\/v2\/posts\/636\/revisions\/639"}],"wp:attachment":[{"href":"https:\/\/wp.ufpel.edu.br\/famedcol\/wp-json\/wp\/v2\/media?parent=636"}],"wp:term":[{"taxonomy":"category","embeddable":true,"href":"https:\/\/wp.ufpel.edu.br\/famedcol\/wp-json\/wp\/v2\/categories?post=636"},{"taxonomy":"post_tag","embeddable":true,"href":"https:\/\/wp.ufpel.edu.br\/famedcol\/wp-json\/wp\/v2\/tags?post=636"}],"curies":[{"name":"wp","href":"https:\/\/api.w.org\/{rel}","templated":true}]}}