{"id":585,"date":"2025-07-02T11:41:21","date_gmt":"2025-07-02T14:41:21","guid":{"rendered":"https:\/\/wp.ufpel.edu.br\/famedcol\/?p=585"},"modified":"2025-07-02T11:41:21","modified_gmt":"2025-07-02T14:41:21","slug":"585","status":"publish","type":"post","link":"https:\/\/wp.ufpel.edu.br\/famedcol\/2025\/07\/02\/585\/","title":{"rendered":""},"content":{"rendered":"<div>Prezadas alunos de Psicologia,<\/div>\n<div>\nGostar\u00edamos de solicitar a divulga\u00e7\u00e3o do VI IBNEQUINHO, congresso focado em neuropsicologia e neuroci\u00eancia do comportamento na inf\u00e2ncia e adolesc\u00eancia.<\/div>\n<div>\nO evento acontecer\u00e1 de 07 a 09 de agosto de 2025, na Universidade Federal de Santa Catarina (UFSC), em Florian\u00f3polis. Contaremos com convidados nacionais e internacionais em uma programa\u00e7\u00e3o que inclui mesas-redondas, minicursos, confer\u00eancias e f\u00f3runs.<\/div>\n<div>\nO congresso \u00e9 uma excelente oportunidade para estudantes (gradua\u00e7\u00e3o e p\u00f3s-gradua\u00e7\u00e3o) e profissionais da sa\u00fade e educa\u00e7\u00e3o se atualizarem, interagirem e fazerem networking com refer\u00eancias na neuropsicologia da inf\u00e2ncia e adolesc\u00eancia.<br \/>\nPara mais detalhes sobre o evento e inscri\u00e7\u00f5es, acompanhe nossas atualiza\u00e7\u00f5es no instagram @ibnequinho ou no site\u00a0<a href=\"https:\/\/www.ibnec.com.br\/index.php\/eventos\/proximos-eventos\/vi-ibnequinho\" target=\"_blank\" rel=\"noopener\" data-saferedirecturl=\"https:\/\/www.google.com\/url?q=https:\/\/www.ibnec.com.br\/index.php\/eventos\/proximos-eventos\/vi-ibnequinho&amp;source=gmail&amp;ust=1751552845921000&amp;usg=AOvVaw195CJcm-1e4gXnrBV3fDFr\">https:\/\/www.ibnec.com.br\/<wbr \/>index.php\/eventos\/proximos-<wbr \/>eventos\/vi-ibnequinho<\/a>.<\/div>\n<div><\/div>\n<div>Atenciosamente,<\/div>\n","protected":false},"excerpt":{"rendered":"<p>Prezadas alunos de Psicologia, Gostar\u00edamos de solicitar a divulga\u00e7\u00e3o do VI IBNEQUINHO, congresso focado em neuropsicologia e neuroci\u00eancia do comportamento na inf\u00e2ncia e adolesc\u00eancia. O evento acontecer\u00e1 de 07 a 09 de agosto de 2025, na Universidade Federal de Santa Catarina (UFSC), em Florian\u00f3polis. Contaremos com convidados nacionais e internacionais em uma programa\u00e7\u00e3o que inclui&#8230; <\/p>\n<div class=\"link-more\"><a href=\"https:\/\/wp.ufpel.edu.br\/famedcol\/2025\/07\/02\/585\/\">Leia mais<\/a><\/div>\n","protected":false},"author":1245,"featured_media":0,"comment_status":"closed","ping_status":"closed","sticky":false,"template":"","format":"standard","meta":{"footnotes":""},"categories":[1],"tags":[],"class_list":["post-585","post","type-post","status-publish","format-standard","hentry","category-noticias"],"jetpack_featured_media_url":"","_links":{"self":[{"href":"https:\/\/wp.ufpel.edu.br\/famedcol\/wp-json\/wp\/v2\/posts\/585","targetHints":{"allow":["GET"]}}],"collection":[{"href":"https:\/\/wp.ufpel.edu.br\/famedcol\/wp-json\/wp\/v2\/posts"}],"about":[{"href":"https:\/\/wp.ufpel.edu.br\/famedcol\/wp-json\/wp\/v2\/types\/post"}],"author":[{"embeddable":true,"href":"https:\/\/wp.ufpel.edu.br\/famedcol\/wp-json\/wp\/v2\/users\/1245"}],"replies":[{"embeddable":true,"href":"https:\/\/wp.ufpel.edu.br\/famedcol\/wp-json\/wp\/v2\/comments?post=585"}],"version-history":[{"count":1,"href":"https:\/\/wp.ufpel.edu.br\/famedcol\/wp-json\/wp\/v2\/posts\/585\/revisions"}],"predecessor-version":[{"id":587,"href":"https:\/\/wp.ufpel.edu.br\/famedcol\/wp-json\/wp\/v2\/posts\/585\/revisions\/587"}],"wp:attachment":[{"href":"https:\/\/wp.ufpel.edu.br\/famedcol\/wp-json\/wp\/v2\/media?parent=585"}],"wp:term":[{"taxonomy":"category","embeddable":true,"href":"https:\/\/wp.ufpel.edu.br\/famedcol\/wp-json\/wp\/v2\/categories?post=585"},{"taxonomy":"post_tag","embeddable":true,"href":"https:\/\/wp.ufpel.edu.br\/famedcol\/wp-json\/wp\/v2\/tags?post=585"}],"curies":[{"name":"wp","href":"https:\/\/api.w.org\/{rel}","templated":true}]}}