{"id":565,"date":"2024-10-18T16:00:58","date_gmt":"2024-10-18T19:00:58","guid":{"rendered":"https:\/\/wp.ufpel.edu.br\/famedcol\/?p=565"},"modified":"2024-10-18T16:00:58","modified_gmt":"2024-10-18T19:00:58","slug":"ufop-resultado-processo-seletivo-vagas-de-transferencia-ingresso-em-2024-2","status":"publish","type":"post","link":"https:\/\/wp.ufpel.edu.br\/famedcol\/2024\/10\/18\/ufop-resultado-processo-seletivo-vagas-de-transferencia-ingresso-em-2024-2\/","title":{"rendered":"UFOP: Resultado &#8211; Processo seletivo &#8211; Vagas de Transfer\u00eancia &#8211; Ingresso em 2024\/2"},"content":{"rendered":"<p><b>Prezado(a) Candidato(a):<\/b><\/p>\n<div><\/div>\n<div>Comunicamos que encontra-se publicado, na p\u00e1gina da Prograd\/UFOP, o\u00a0<b>Edital Prograd n. 74\/2024 &#8211; Retificado pelo Edital Prograd n. 76\/2024<\/b>, que divulga o\u00a0<b>resultado<\/b>\u00a0do processo seletivo destinado \u00e0 ocupa\u00e7\u00e3o de vagas residuais dos cursos presenciais de gradua\u00e7\u00e3o. O link para acesso ao edital segue abaixo:<\/div>\n<div><\/div>\n<div><a href=\"https:\/\/prograd.ufop.br\/sites\/default\/files\/edital_prograd_74-2024_-_retificado_ed_prograd_76-2024_-_resultados_-_vagas_residuais_2024-2.pdf\" target=\"_blank\" rel=\"noopener noreferrer\" type=\"application\/pdf; length=1700598\">Edital Prograd 74\/2024 (Retificado) &#8211; Resultados &#8211; Processo Seletivo &#8211; Vagas Residuais 2024\/2<\/a><\/div>\n<div><\/div>\n<div>Os candidatos convocados para manifesta\u00e7\u00e3o de interesse pela ocupa\u00e7\u00e3o das vagas de\u00a0<b>transfer\u00eancia<\/b>\u00a0dever\u00e3o apresentar a documenta\u00e7\u00e3o relativa \u00e0 matr\u00edcula, em formul\u00e1rio eletr\u00f4nico,\u00a0<b>at\u00e9 o dia 28\/10\/2024<\/b>.<\/div>\n<div><\/div>\n<div>As orienta\u00e7\u00f5es necess\u00e1rias e o link para acesso ao formul\u00e1rio eletr\u00f4nico dever\u00e3o ser verificados na\u00a0<b>chamada<\/b>:\u00a0<a href=\"https:\/\/prograd.ufop.br\/sites\/default\/files\/edital_prograd_75-2024_-_retificado_ed_prograd_77-2024_-_chamada_-_vagas_residuais_2024-2.pdf\" target=\"_blank\" rel=\"noopener noreferrer\" type=\"application\/pdf; length=976007\">Edital Prograd 75\/2024 (Retificado) &#8211; Chamada &#8211; Manifesta\u00e7\u00e3o de Interesse &#8211; Matr\u00edcula<\/a><\/div>\n<div><\/div>\n<div>P\u00e1gina da Prograd\/UFOP:\u00a0<a href=\"https:\/\/prograd.ufop.br\/processos-seletivos\/reingresso-transferencia-reopcao\" target=\"_blank\" rel=\"noopener noreferrer\"><span style=\"color: #660000;\">https:\/\/prograd.ufop.br\/processos-seletivos\/reingresso-transferencia-reopcao<\/span><\/a><\/div>\n<div><\/div>\n<div>Atenciosamente,<\/div>\n","protected":false},"excerpt":{"rendered":"<p>Prezado(a) Candidato(a): Comunicamos que encontra-se publicado, na p\u00e1gina da Prograd\/UFOP, o\u00a0Edital Prograd n. 74\/2024 &#8211; Retificado pelo Edital Prograd n. 76\/2024, que divulga o\u00a0resultado\u00a0do processo seletivo destinado \u00e0 ocupa\u00e7\u00e3o de vagas residuais dos cursos presenciais de gradua\u00e7\u00e3o. O link para acesso ao edital segue abaixo: Edital Prograd 74\/2024 (Retificado) &#8211; Resultados &#8211; Processo Seletivo &#8211;&#8230; <\/p>\n<div class=\"link-more\"><a href=\"https:\/\/wp.ufpel.edu.br\/famedcol\/2024\/10\/18\/ufop-resultado-processo-seletivo-vagas-de-transferencia-ingresso-em-2024-2\/\">Leia mais<\/a><\/div>\n","protected":false},"author":1245,"featured_media":0,"comment_status":"closed","ping_status":"closed","sticky":false,"template":"","format":"standard","meta":{"footnotes":""},"categories":[1],"tags":[],"class_list":["post-565","post","type-post","status-publish","format-standard","hentry","category-noticias"],"jetpack_featured_media_url":"","_links":{"self":[{"href":"https:\/\/wp.ufpel.edu.br\/famedcol\/wp-json\/wp\/v2\/posts\/565","targetHints":{"allow":["GET"]}}],"collection":[{"href":"https:\/\/wp.ufpel.edu.br\/famedcol\/wp-json\/wp\/v2\/posts"}],"about":[{"href":"https:\/\/wp.ufpel.edu.br\/famedcol\/wp-json\/wp\/v2\/types\/post"}],"author":[{"embeddable":true,"href":"https:\/\/wp.ufpel.edu.br\/famedcol\/wp-json\/wp\/v2\/users\/1245"}],"replies":[{"embeddable":true,"href":"https:\/\/wp.ufpel.edu.br\/famedcol\/wp-json\/wp\/v2\/comments?post=565"}],"version-history":[{"count":1,"href":"https:\/\/wp.ufpel.edu.br\/famedcol\/wp-json\/wp\/v2\/posts\/565\/revisions"}],"predecessor-version":[{"id":567,"href":"https:\/\/wp.ufpel.edu.br\/famedcol\/wp-json\/wp\/v2\/posts\/565\/revisions\/567"}],"wp:attachment":[{"href":"https:\/\/wp.ufpel.edu.br\/famedcol\/wp-json\/wp\/v2\/media?parent=565"}],"wp:term":[{"taxonomy":"category","embeddable":true,"href":"https:\/\/wp.ufpel.edu.br\/famedcol\/wp-json\/wp\/v2\/categories?post=565"},{"taxonomy":"post_tag","embeddable":true,"href":"https:\/\/wp.ufpel.edu.br\/famedcol\/wp-json\/wp\/v2\/tags?post=565"}],"curies":[{"name":"wp","href":"https:\/\/api.w.org\/{rel}","templated":true}]}}