{"id":405,"date":"2023-03-28T15:40:27","date_gmt":"2023-03-28T18:40:27","guid":{"rendered":"https:\/\/wp.ufpel.edu.br\/famedcol\/?p=405"},"modified":"2023-03-28T15:40:27","modified_gmt":"2023-03-28T18:40:27","slug":"1o-congresso-brasileiro-de-combate-ao-desperdicio-na-saude-participe","status":"publish","type":"post","link":"https:\/\/wp.ufpel.edu.br\/famedcol\/2023\/03\/28\/1o-congresso-brasileiro-de-combate-ao-desperdicio-na-saude-participe\/","title":{"rendered":"1\u00ba Congresso Brasileiro de Combate ao Desperd\u00edcio na Sa\u00fade. Participe!"},"content":{"rendered":"<div>\n<div>Boa tarde!<\/div>\n<p><strong><br \/>\n<\/strong><\/p>\n<div>Pe\u00e7o a gentileza que enviem este convite aos coordenadores,\u00a0professores e acad\u00eamicos da FAMED. Obrigada!<\/div>\n<\/div>\n<div><\/div>\n<div><a title=\"Clique para saber mais!\" href=\"https:\/\/congresso-brasileiro-cds.encontrodigital.com.br\/app\/congresso\/inscricao\" target=\"_blank\" rel=\"noopener noreferrer\"><img decoding=\"async\" src=\"https:\/\/webmail.ufpel.edu.br\/?_task=mail&amp;_action=get&amp;_mbox=INBOX&amp;_uid=13875&amp;_token=Rjj1LAR6olKhYFvuBXRQCYDbnHKvsavh&amp;_part=2.2&amp;_embed=1&amp;_mimeclass=image\" \/><\/a><\/div>\n<div><\/div>\n<div>\n<p><strong>Juliana Rigon Pinto<\/strong><\/p>\n<p><strong>Supervisor de Marketing<\/strong><\/p>\n<p>Assessoria de Comunica\u00e7\u00e3o<\/p>\n<p>(55) 3028.6599<\/p>\n<div><\/div>\n<\/div>\n","protected":false},"excerpt":{"rendered":"<p>Boa tarde! Pe\u00e7o a gentileza que enviem este convite aos coordenadores,\u00a0professores e acad\u00eamicos da FAMED. Obrigada! Juliana Rigon Pinto Supervisor de Marketing Assessoria de Comunica\u00e7\u00e3o (55) 3028.6599<\/p>\n","protected":false},"author":1245,"featured_media":0,"comment_status":"closed","ping_status":"closed","sticky":false,"template":"","format":"standard","meta":{"footnotes":""},"categories":[1],"tags":[],"class_list":["post-405","post","type-post","status-publish","format-standard","hentry","category-noticias"],"jetpack_featured_media_url":"","_links":{"self":[{"href":"https:\/\/wp.ufpel.edu.br\/famedcol\/wp-json\/wp\/v2\/posts\/405","targetHints":{"allow":["GET"]}}],"collection":[{"href":"https:\/\/wp.ufpel.edu.br\/famedcol\/wp-json\/wp\/v2\/posts"}],"about":[{"href":"https:\/\/wp.ufpel.edu.br\/famedcol\/wp-json\/wp\/v2\/types\/post"}],"author":[{"embeddable":true,"href":"https:\/\/wp.ufpel.edu.br\/famedcol\/wp-json\/wp\/v2\/users\/1245"}],"replies":[{"embeddable":true,"href":"https:\/\/wp.ufpel.edu.br\/famedcol\/wp-json\/wp\/v2\/comments?post=405"}],"version-history":[{"count":1,"href":"https:\/\/wp.ufpel.edu.br\/famedcol\/wp-json\/wp\/v2\/posts\/405\/revisions"}],"predecessor-version":[{"id":407,"href":"https:\/\/wp.ufpel.edu.br\/famedcol\/wp-json\/wp\/v2\/posts\/405\/revisions\/407"}],"wp:attachment":[{"href":"https:\/\/wp.ufpel.edu.br\/famedcol\/wp-json\/wp\/v2\/media?parent=405"}],"wp:term":[{"taxonomy":"category","embeddable":true,"href":"https:\/\/wp.ufpel.edu.br\/famedcol\/wp-json\/wp\/v2\/categories?post=405"},{"taxonomy":"post_tag","embeddable":true,"href":"https:\/\/wp.ufpel.edu.br\/famedcol\/wp-json\/wp\/v2\/tags?post=405"}],"curies":[{"name":"wp","href":"https:\/\/api.w.org\/{rel}","templated":true}]}}