{"id":813,"date":"2019-05-06T10:29:29","date_gmt":"2019-05-06T13:29:29","guid":{"rendered":"https:\/\/wp.ufpel.edu.br\/famed\/?p=813"},"modified":"2019-05-06T14:05:18","modified_gmt":"2019-05-06T17:05:18","slug":"convocacao-docente-padoc-06-05-2019-14h30min-no-auditorio-da-famed","status":"publish","type":"post","link":"https:\/\/wp.ufpel.edu.br\/famed\/2019\/05\/06\/convocacao-docente-padoc-06-05-2019-14h30min-no-auditorio-da-famed\/","title":{"rendered":"Convoca\u00e7\u00e3o Docente: PADOC &#8211; 06\/05\/2019 \u00e0s 15h30min no Audit\u00f3rio da FAMED"},"content":{"rendered":"<p class=\"Texto_Centralizado_Maiusculas\" style=\"text-align: center\"><strong>CONVOCA\u00c7\u00c3O N\u00ba 0519623\/2019\/FACULDADE DE MEDICINA<\/strong><\/p>\n<p class=\"Texto_Alinhado_Esquerda_Espacamento_Simples\" style=\"text-align: center\">\u00a0\u00a0Assunto: Convoca\u00e7\u00e3o para Reuni\u00e3o\u00a0<strong>Proposta de Plano Anual de Atividades Docentes\u00a0(PADOC)<\/strong><\/p>\n<p style=\"text-align: center\">\u00a0Prezado(a) \u00a0Professor (a)<\/p>\n<p style=\"text-align: center\">De ordem do Senhor Diretor e do Gabinete do Vice-Reitor, convoco-lhe para reuni\u00e3o, a realizar-se dia 06 de maio de 2019 (segunda-feira) \u00e0s <strong>15h30min<\/strong>, no <strong>Audit\u00f3rio desta Faculdade<\/strong>, com a pauta \u00fanica:<\/p>\n<p style=\"text-align: center\"><strong>1. Proposta de Plano Anual de Atividades Docentes\u00a0(PADOC)<\/strong><\/p>\n<p>Att<\/p>\n<p><strong>Dire\u00e7\u00e3o FAMED<\/strong><\/p>\n","protected":false},"excerpt":{"rendered":"<p>CONVOCA\u00c7\u00c3O N\u00ba 0519623\/2019\/FACULDADE DE MEDICINA \u00a0\u00a0Assunto: Convoca\u00e7\u00e3o para Reuni\u00e3o\u00a0Proposta de Plano Anual de Atividades Docentes\u00a0(PADOC) \u00a0Prezado(a) \u00a0Professor (a) De ordem do Senhor Diretor e do Gabinete do Vice-Reitor, convoco-lhe para reuni\u00e3o, a realizar-se dia 06 de maio de 2019 (segunda-feira) \u00e0s 15h30min, no Audit\u00f3rio desta Faculdade, com a pauta \u00fanica: 1. Proposta de Plano Anual [&hellip;]<\/p>\n","protected":false},"author":166,"featured_media":0,"comment_status":"closed","ping_status":"closed","sticky":false,"template":"","format":"standard","meta":{"jetpack_post_was_ever_published":false,"_jetpack_newsletter_access":"","_jetpack_dont_email_post_to_subs":false,"_jetpack_newsletter_tier_id":0,"_jetpack_memberships_contains_paywalled_content":false,"_jetpack_memberships_contains_paid_content":false,"footnotes":"","jetpack_publicize_message":"","jetpack_publicize_feature_enabled":true,"jetpack_social_post_already_shared":true,"jetpack_social_options":{"image_generator_settings":{"template":"highway","default_image_id":0,"font":"","enabled":false},"version":2}},"categories":[18],"tags":[],"class_list":["post-813","post","type-post","status-publish","format-standard","hentry","category-noticias"],"jetpack_publicize_connections":[],"jetpack_featured_media_url":"","jetpack_sharing_enabled":true,"jetpack_shortlink":"https:\/\/wp.me\/p8YhqL-d7","_links":{"self":[{"href":"https:\/\/wp.ufpel.edu.br\/famed\/wp-json\/wp\/v2\/posts\/813","targetHints":{"allow":["GET"]}}],"collection":[{"href":"https:\/\/wp.ufpel.edu.br\/famed\/wp-json\/wp\/v2\/posts"}],"about":[{"href":"https:\/\/wp.ufpel.edu.br\/famed\/wp-json\/wp\/v2\/types\/post"}],"author":[{"embeddable":true,"href":"https:\/\/wp.ufpel.edu.br\/famed\/wp-json\/wp\/v2\/users\/166"}],"replies":[{"embeddable":true,"href":"https:\/\/wp.ufpel.edu.br\/famed\/wp-json\/wp\/v2\/comments?post=813"}],"version-history":[{"count":4,"href":"https:\/\/wp.ufpel.edu.br\/famed\/wp-json\/wp\/v2\/posts\/813\/revisions"}],"predecessor-version":[{"id":828,"href":"https:\/\/wp.ufpel.edu.br\/famed\/wp-json\/wp\/v2\/posts\/813\/revisions\/828"}],"wp:attachment":[{"href":"https:\/\/wp.ufpel.edu.br\/famed\/wp-json\/wp\/v2\/media?parent=813"}],"wp:term":[{"taxonomy":"category","embeddable":true,"href":"https:\/\/wp.ufpel.edu.br\/famed\/wp-json\/wp\/v2\/categories?post=813"},{"taxonomy":"post_tag","embeddable":true,"href":"https:\/\/wp.ufpel.edu.br\/famed\/wp-json\/wp\/v2\/tags?post=813"}],"curies":[{"name":"wp","href":"https:\/\/api.w.org\/{rel}","templated":true}]}}