{"id":809,"date":"2019-05-29T10:23:03","date_gmt":"2019-05-29T13:23:03","guid":{"rendered":"https:\/\/wp.ufpel.edu.br\/famed\/?p=809"},"modified":"2019-05-29T10:26:58","modified_gmt":"2019-05-29T13:26:58","slug":"palestra-sobre-terapia-aba-transtorno-do-espectro-autista","status":"publish","type":"post","link":"https:\/\/wp.ufpel.edu.br\/famed\/2019\/05\/29\/palestra-sobre-terapia-aba-transtorno-do-espectro-autista\/","title":{"rendered":"Palestra sobre Terapia ABA: Transtorno do espectro autista"},"content":{"rendered":"<h3 style=\"text-align: justify\">A FAMED informa que haver\u00e1 a palestra sobre Terapia ABA, T\u00e9cnica de an\u00e1lise do comportamento com evid\u00eancia no tratamento do Transtorno do espectro autista.<\/h3>\n<h3><strong>Palestrante:<\/strong> Dra. Ariela Oliveira Holanda<\/h3>\n<h3 style=\"text-align: center\"><strong>Data:\u00a0<\/strong> 31\/05\/2019<\/h3>\n<h3 style=\"text-align: center\"><strong>Hor\u00e1rio:<\/strong> 19 h<\/h3>\n<h3 style=\"text-align: center\"><strong>Local:<\/strong> Audit\u00f3rio da FAMED<\/h3>\n<h3 style=\"text-align: center\"><strong>Entrada franca<\/strong><\/h3>\n<h3>Maiores informa\u00e7\u00f5es pelo fone 53 3921 1178.<\/h3>\n<div style=\"text-align: justify\"><\/div>\n<div>\n<div><strong>Fonte:<\/strong> Graziela Mayumi Toma<\/div>\n<div><em>Psiquiatra Inf\u00e2ncia e Adolesc\u00eancia\u00a0<\/em><\/div>\n<\/div>\n<p><a href=\"https:\/\/wp.ufpel.edu.br\/famed\/files\/2019\/05\/Palestra.jpg\"><img class=\" wp-image-811 aligncenter\" src=\"https:\/\/wp.ufpel.edu.br\/famed\/files\/2019\/05\/Palestra-673x1024.jpg\" alt=\"\" width=\"597\" height=\"908\" srcset=\"https:\/\/wp.ufpel.edu.br\/famed\/files\/2019\/05\/Palestra-673x1024.jpg 673w, https:\/\/wp.ufpel.edu.br\/famed\/files\/2019\/05\/Palestra-263x400.jpg 263w, https:\/\/wp.ufpel.edu.br\/famed\/files\/2019\/05\/Palestra-768x1169.jpg 768w, https:\/\/wp.ufpel.edu.br\/famed\/files\/2019\/05\/Palestra.jpg 1954w\" sizes=\"(max-width: 597px) 100vw, 597px\" \/><\/a><\/p>\n","protected":false},"excerpt":{"rendered":"<p>A FAMED informa que haver\u00e1 a palestra sobre Terapia ABA, T\u00e9cnica de an\u00e1lise do comportamento com evid\u00eancia no tratamento do Transtorno do espectro autista. Palestrante: Dra. Ariela Oliveira Holanda Data:\u00a0 31\/05\/2019 Hor\u00e1rio: 19 h Local: Audit\u00f3rio da FAMED Entrada franca Maiores informa\u00e7\u00f5es pelo fone 53 3921 1178. Fonte: Graziela Mayumi Toma Psiquiatra Inf\u00e2ncia e Adolesc\u00eancia\u00a0<\/p>\n","protected":false},"author":166,"featured_media":0,"comment_status":"closed","ping_status":"closed","sticky":false,"template":"","format":"standard","meta":{"jetpack_post_was_ever_published":false,"_jetpack_newsletter_access":"","_jetpack_dont_email_post_to_subs":false,"_jetpack_newsletter_tier_id":0,"_jetpack_memberships_contains_paywalled_content":false,"_jetpack_memberships_contains_paid_content":false,"footnotes":"","jetpack_publicize_message":"","jetpack_publicize_feature_enabled":true,"jetpack_social_post_already_shared":true,"jetpack_social_options":{"image_generator_settings":{"template":"highway","default_image_id":0,"font":"","enabled":false},"version":2}},"categories":[18],"tags":[],"class_list":["post-809","post","type-post","status-publish","format-standard","hentry","category-noticias"],"jetpack_publicize_connections":[],"jetpack_featured_media_url":"","jetpack_sharing_enabled":true,"jetpack_shortlink":"https:\/\/wp.me\/p8YhqL-d3","_links":{"self":[{"href":"https:\/\/wp.ufpel.edu.br\/famed\/wp-json\/wp\/v2\/posts\/809","targetHints":{"allow":["GET"]}}],"collection":[{"href":"https:\/\/wp.ufpel.edu.br\/famed\/wp-json\/wp\/v2\/posts"}],"about":[{"href":"https:\/\/wp.ufpel.edu.br\/famed\/wp-json\/wp\/v2\/types\/post"}],"author":[{"embeddable":true,"href":"https:\/\/wp.ufpel.edu.br\/famed\/wp-json\/wp\/v2\/users\/166"}],"replies":[{"embeddable":true,"href":"https:\/\/wp.ufpel.edu.br\/famed\/wp-json\/wp\/v2\/comments?post=809"}],"version-history":[{"count":1,"href":"https:\/\/wp.ufpel.edu.br\/famed\/wp-json\/wp\/v2\/posts\/809\/revisions"}],"predecessor-version":[{"id":812,"href":"https:\/\/wp.ufpel.edu.br\/famed\/wp-json\/wp\/v2\/posts\/809\/revisions\/812"}],"wp:attachment":[{"href":"https:\/\/wp.ufpel.edu.br\/famed\/wp-json\/wp\/v2\/media?parent=809"}],"wp:term":[{"taxonomy":"category","embeddable":true,"href":"https:\/\/wp.ufpel.edu.br\/famed\/wp-json\/wp\/v2\/categories?post=809"},{"taxonomy":"post_tag","embeddable":true,"href":"https:\/\/wp.ufpel.edu.br\/famed\/wp-json\/wp\/v2\/tags?post=809"}],"curies":[{"name":"wp","href":"https:\/\/api.w.org\/{rel}","templated":true}]}}