{"id":702,"date":"2019-03-26T14:06:44","date_gmt":"2019-03-26T17:06:44","guid":{"rendered":"https:\/\/wp.ufpel.edu.br\/famed\/?p=702"},"modified":"2019-03-26T14:08:47","modified_gmt":"2019-03-26T17:08:47","slug":"ufpel-seleciona-75-bolsistas-de-desenvolvimento-institucional-veja-editais-dos-setores","status":"publish","type":"post","link":"https:\/\/wp.ufpel.edu.br\/famed\/2019\/03\/26\/ufpel-seleciona-75-bolsistas-de-desenvolvimento-institucional-veja-editais-dos-setores\/","title":{"rendered":"UFPel seleciona 75 bolsistas de Desenvolvimento Institucional. Veja editais dos setores"},"content":{"rendered":"<h3 class=\"corTexto\">Editais corrigem informa\u00e7\u00f5es sobre bolsas institucionais para a CID<\/h3>\n<p>A Proplan est\u00e1 divulgando um novo Edital das Bolsas de Desenvolvimento Institucional que cont\u00e9m errata de informa\u00e7\u00f5es referentes \u00e0s vagas da Coordena\u00e7\u00e3o de Inclus\u00e3o e Diversidade (CID). Veja o novo edital retificado do BDI em\u00a0<a href=\"http:\/\/ccs2.ufpel.edu.br\/wp\/wp-content\/uploads\/2019\/03\/Edital_0459057.html\">Edital_0459057<\/a>\u00a0 e o edital com as corre\u00e7\u00f5es da CID em\u00a0\u00a0\u00a0<a href=\"http:\/\/ccs2.ufpel.edu.br\/wp\/wp-content\/uploads\/2019\/03\/Edital_0475317.html\">Edital_0475317<\/a>\u00a0 .<\/p>\n<div class=\"attachments\">\n<ul>\n<li>\n<div><a title=\"Code (203 KB)\" href=\"http:\/\/ccs2.ufpel.edu.br\/wp\/wp-content\/uploads\/2019\/03\/Edital_0459057.html\">Edital_0459057<\/a><\/div>\n<\/li>\n<li><a title=\"Code (59 KB)\" href=\"http:\/\/ccs2.ufpel.edu.br\/wp\/wp-content\/uploads\/2019\/03\/Edital_0475317.html\">Edital_0475317<\/a><\/li>\n<\/ul>\n<h3 class=\"corTexto\">UFPel seleciona 75 bolsistas de Desenvolvimento Institucional. Veja editais dos setores<\/h3>\n<p style=\"text-align: justify\">A Pr\u00f3-Reitoria de Assuntos Estudantis (PRAE) e a Pr\u00f3-Reitoria de Planejamento e Desenvolvimento (PROPLAN) da Universidade Federal de Pelotas (UFPel) abriram sele\u00e7\u00e3o de bolsistas ao \u201cPrograma de Bolsas de Desenvolvimento Institucional\u201d. Ser\u00e3o 75 vagas no total. Veja, abaixo, editais dos setores.<\/p>\n<p style=\"text-align: justify\">As Bolsas de Desenvolvimento Institucional buscam contribuir para os objetivos e a\u00e7\u00f5es estrat\u00e9gicas da Institui\u00e7\u00e3o, conforme estabelecidos no Plano de Desenvolvimento Institucional (PDI), al\u00e9m de possibilitar a inicia\u00e7\u00e3o ao trabalho t\u00e9cnico profissional nas atividades da gest\u00e3o administrativa aos estudantes de gradua\u00e7\u00e3o na UFPel.<\/p>\n<p style=\"text-align: justify\">Para participar do Programa de Bolsas Acad\u00eamicas, o acad\u00eamico dever\u00e1 estar regularmente matriculado e frequentando curso de gradua\u00e7\u00e3o na UFPel, de acordo com as vagas dispon\u00edveis; n\u00e3o ter outras modalidades de bolsa, exceto aquelas vinculadas \u00e0 PRAE; ter desempenho acad\u00eamico compat\u00edvel com a fun\u00e7\u00e3o que se prop\u00f5e a exercer e com tarefas relacionadas \u00e0s bolsas de gradua\u00e7\u00e3o; e ter disponibilidade de 20h semanais para o exerc\u00edcio das tarefas pertinentes \u00e0 concess\u00e3o da bolsa.<\/p>\n<p style=\"text-align: justify\">As bolsas regulares ter\u00e3o vig\u00eancia de oito meses, entre o per\u00edodo de 15 de abril a 15 de dezembro de 2019. A exce\u00e7\u00e3o se d\u00e1 em 24 bolsas, detalhadas no edital, que ter\u00e3o vig\u00eancia estendida para um per\u00edodo de tr\u00eas meses, visando o apoio ao processo de matr\u00edculas da UFPel e as atividades vinculadas \u00e0 Ag\u00eancia da Lagoa Mirim que contam com fonte pr\u00f3pria de financiamento.<\/p>\n<p style=\"text-align: justify\">O valor de remunera\u00e7\u00e3o ser\u00e1 de R$ 400,00 mensais, com carga hor\u00e1ria total de 20h semanais, totalizando 80 horas mensais.<\/p>\n<p style=\"text-align: justify\">Veja as vagas dispon\u00edveis, orienta\u00e7\u00f5es para inscri\u00e7\u00e3o e sele\u00e7\u00e3o, al\u00e9m de outros detalhes, no Edital:\u00a0<a href=\"http:\/\/ccs2.ufpel.edu.br\/wp\/wp-content\/uploads\/2019\/03\/SEI_UFPel-0459057-Edital.pdf\">SEI_UFPel \u2013 0459057 \u2013 Edital<\/a><\/p>\n<p style=\"text-align: justify\"><strong>Corre\u00e7\u00e3o das informa\u00e7\u00f5es das bolsas para a CID (atualiza\u00e7\u00e3o)<br \/>\n<\/strong><\/p>\n<p style=\"text-align: justify\">A Proplan est\u00e1 divulgando um novo Edital das Bolsas de Desenvolvimento Institucional que cont\u00e9m errata de informa\u00e7\u00f5es referentes \u00e0s vagas da Coordena\u00e7\u00e3o de Inclus\u00e3o e Diversidade (CID) contidas no primeiro edital (acima). Veja o novo edital retificado do BDI em\u00a0<a href=\"http:\/\/ccs2.ufpel.edu.br\/wp\/wp-content\/uploads\/2019\/03\/Edital_0459057.html\">Edital_0459057<\/a>\u00a0 e o edital com as corre\u00e7\u00f5es da CID em\u00a0\u00a0\u00a0<a href=\"http:\/\/ccs2.ufpel.edu.br\/wp\/wp-content\/uploads\/2019\/03\/Edital_0475317.html\">Edital_0475317<\/a>\u00a0 .<\/p>\n<p>Fonte: http:\/\/ccs2.ufpel.edu.br\/wp\/2019\/03\/25\/ufpel-seleciona-75-bolsistas-de-desenvolvimento-institucional\/<\/p>\n<p style=\"text-align: center\"><a href=\"https:\/\/wp.ufpel.edu.br\/famed\/files\/2018\/11\/ESimbolo.png\"><img class=\"alignnone wp-image-258\" src=\"https:\/\/wp.ufpel.edu.br\/famed\/files\/2018\/11\/ESimbolo.png\" alt=\"\" width=\"211\" height=\"211\" srcset=\"https:\/\/wp.ufpel.edu.br\/famed\/files\/2018\/11\/ESimbolo.png 400w, https:\/\/wp.ufpel.edu.br\/famed\/files\/2018\/11\/ESimbolo-200x200.png 200w\" sizes=\"(max-width: 211px) 100vw, 211px\" \/><\/a><\/p>\n<\/div>\n","protected":false},"excerpt":{"rendered":"<p>Editais corrigem informa\u00e7\u00f5es sobre bolsas institucionais para a CID A Proplan est\u00e1 divulgando um novo Edital das Bolsas de Desenvolvimento Institucional que cont\u00e9m errata de informa\u00e7\u00f5es referentes \u00e0s vagas da Coordena\u00e7\u00e3o de Inclus\u00e3o e Diversidade (CID). Veja o novo edital retificado do BDI em\u00a0Edital_0459057\u00a0 e o edital com as corre\u00e7\u00f5es da CID em\u00a0\u00a0\u00a0Edital_0475317\u00a0 . Edital_0459057 [&hellip;]<\/p>\n","protected":false},"author":166,"featured_media":0,"comment_status":"closed","ping_status":"closed","sticky":false,"template":"","format":"standard","meta":{"jetpack_post_was_ever_published":false,"_jetpack_newsletter_access":"","_jetpack_dont_email_post_to_subs":false,"_jetpack_newsletter_tier_id":0,"_jetpack_memberships_contains_paywalled_content":false,"_jetpack_memberships_contains_paid_content":false,"footnotes":"","jetpack_publicize_message":"","jetpack_publicize_feature_enabled":true,"jetpack_social_post_already_shared":true,"jetpack_social_options":{"image_generator_settings":{"template":"highway","default_image_id":0,"font":"","enabled":false},"version":2}},"categories":[18],"tags":[],"class_list":["post-702","post","type-post","status-publish","format-standard","hentry","category-noticias"],"jetpack_publicize_connections":[],"jetpack_featured_media_url":"","jetpack_sharing_enabled":true,"jetpack_shortlink":"https:\/\/wp.me\/p8YhqL-bk","_links":{"self":[{"href":"https:\/\/wp.ufpel.edu.br\/famed\/wp-json\/wp\/v2\/posts\/702","targetHints":{"allow":["GET"]}}],"collection":[{"href":"https:\/\/wp.ufpel.edu.br\/famed\/wp-json\/wp\/v2\/posts"}],"about":[{"href":"https:\/\/wp.ufpel.edu.br\/famed\/wp-json\/wp\/v2\/types\/post"}],"author":[{"embeddable":true,"href":"https:\/\/wp.ufpel.edu.br\/famed\/wp-json\/wp\/v2\/users\/166"}],"replies":[{"embeddable":true,"href":"https:\/\/wp.ufpel.edu.br\/famed\/wp-json\/wp\/v2\/comments?post=702"}],"version-history":[{"count":3,"href":"https:\/\/wp.ufpel.edu.br\/famed\/wp-json\/wp\/v2\/posts\/702\/revisions"}],"predecessor-version":[{"id":706,"href":"https:\/\/wp.ufpel.edu.br\/famed\/wp-json\/wp\/v2\/posts\/702\/revisions\/706"}],"wp:attachment":[{"href":"https:\/\/wp.ufpel.edu.br\/famed\/wp-json\/wp\/v2\/media?parent=702"}],"wp:term":[{"taxonomy":"category","embeddable":true,"href":"https:\/\/wp.ufpel.edu.br\/famed\/wp-json\/wp\/v2\/categories?post=702"},{"taxonomy":"post_tag","embeddable":true,"href":"https:\/\/wp.ufpel.edu.br\/famed\/wp-json\/wp\/v2\/tags?post=702"}],"curies":[{"name":"wp","href":"https:\/\/api.w.org\/{rel}","templated":true}]}}