{"id":3994,"date":"2025-06-25T18:19:39","date_gmt":"2025-06-25T21:19:39","guid":{"rendered":"https:\/\/wp.ufpel.edu.br\/famed\/?p=3994"},"modified":"2025-06-25T18:19:39","modified_gmt":"2025-06-25T21:19:39","slug":"edital-para-selecao-de-facilitadores-especializacao-em-medicina-de-familia-e-comunidade","status":"publish","type":"post","link":"https:\/\/wp.ufpel.edu.br\/famed\/2025\/06\/25\/edital-para-selecao-de-facilitadores-especializacao-em-medicina-de-familia-e-comunidade\/","title":{"rendered":"Edital para Sele\u00e7\u00e3o de Facilitadores \u2013 Especializa\u00e7\u00e3o em Medicina de Fam\u00edlia e Comunidade"},"content":{"rendered":"<p>A Coordena\u00e7\u00e3o do Curso de Especializa\u00e7\u00e3o em Medicina de Fam\u00edlia e Comunidade da Universidade Federal de Pelotas, torna p\u00fablica, a abertura de inscri\u00e7\u00f5es do Processo de Sele\u00e7\u00e3o de FACILITADORES para atuarem nas atividades de Pesquisa, Inova\u00e7\u00e3o e Apoio Pedag\u00f3gico relacionadas ao Curso de Especializa\u00e7\u00e3o Lato Sensu em Medicina de Fam\u00edlia e Comunidade.<\/p>\n<p>A inscri\u00e7\u00e3o no Processo de Sele\u00e7\u00e3o de FACILITADORES ser\u00e1 efetuada exclusivamente via Internet, pelo endere\u00e7o eletr\u00f4nico https:\/\/dms.ufpel.edu.br, no per\u00edodo de 25\/06\/2025 a 09\/07\/2025, at\u00e9 \u00e0s 23h59 (Hor\u00e1rio de Bras\u00edlia) com preenchimento do cadastro de inscri\u00e7\u00e3o.<\/p>\n<p>Todas as informa\u00e7\u00f5es constam no Edital\u00a0em\u00a0anexo.<\/p>\n<p><a href=\"https:\/\/dms.ufpel.edu.br\/site\/wp-content\/uploads\/2025\/06\/edital_01_2025.pdf\" target=\"_blank\" rel=\"noopener noreferrer nofollow\">Clique para acessar o edital_01_2025.pdf<\/a><\/p>\n","protected":false},"excerpt":{"rendered":"<p>A Coordena\u00e7\u00e3o do Curso de Especializa\u00e7\u00e3o em Medicina de Fam\u00edlia e Comunidade da Universidade Federal de Pelotas, torna p\u00fablica, a abertura de inscri\u00e7\u00f5es do Processo de Sele\u00e7\u00e3o de FACILITADORES para atuarem nas atividades de Pesquisa, Inova\u00e7\u00e3o e Apoio Pedag\u00f3gico relacionadas ao Curso de Especializa\u00e7\u00e3o Lato Sensu em Medicina de Fam\u00edlia e Comunidade. A inscri\u00e7\u00e3o no [&hellip;]<\/p>\n","protected":false},"author":166,"featured_media":0,"comment_status":"closed","ping_status":"closed","sticky":false,"template":"","format":"standard","meta":{"jetpack_post_was_ever_published":false,"_jetpack_newsletter_access":"","_jetpack_dont_email_post_to_subs":false,"_jetpack_newsletter_tier_id":0,"_jetpack_memberships_contains_paywalled_content":false,"_jetpack_memberships_contains_paid_content":false,"footnotes":"","jetpack_publicize_message":"","jetpack_publicize_feature_enabled":true,"jetpack_social_post_already_shared":true,"jetpack_social_options":{"image_generator_settings":{"template":"highway","default_image_id":0,"font":"","enabled":false},"version":2}},"categories":[18],"tags":[],"class_list":["post-3994","post","type-post","status-publish","format-standard","hentry","category-noticias"],"jetpack_publicize_connections":[],"jetpack_featured_media_url":"","jetpack_sharing_enabled":true,"jetpack_shortlink":"https:\/\/wp.me\/p8YhqL-12q","_links":{"self":[{"href":"https:\/\/wp.ufpel.edu.br\/famed\/wp-json\/wp\/v2\/posts\/3994","targetHints":{"allow":["GET"]}}],"collection":[{"href":"https:\/\/wp.ufpel.edu.br\/famed\/wp-json\/wp\/v2\/posts"}],"about":[{"href":"https:\/\/wp.ufpel.edu.br\/famed\/wp-json\/wp\/v2\/types\/post"}],"author":[{"embeddable":true,"href":"https:\/\/wp.ufpel.edu.br\/famed\/wp-json\/wp\/v2\/users\/166"}],"replies":[{"embeddable":true,"href":"https:\/\/wp.ufpel.edu.br\/famed\/wp-json\/wp\/v2\/comments?post=3994"}],"version-history":[{"count":1,"href":"https:\/\/wp.ufpel.edu.br\/famed\/wp-json\/wp\/v2\/posts\/3994\/revisions"}],"predecessor-version":[{"id":3996,"href":"https:\/\/wp.ufpel.edu.br\/famed\/wp-json\/wp\/v2\/posts\/3994\/revisions\/3996"}],"wp:attachment":[{"href":"https:\/\/wp.ufpel.edu.br\/famed\/wp-json\/wp\/v2\/media?parent=3994"}],"wp:term":[{"taxonomy":"category","embeddable":true,"href":"https:\/\/wp.ufpel.edu.br\/famed\/wp-json\/wp\/v2\/categories?post=3994"},{"taxonomy":"post_tag","embeddable":true,"href":"https:\/\/wp.ufpel.edu.br\/famed\/wp-json\/wp\/v2\/tags?post=3994"}],"curies":[{"name":"wp","href":"https:\/\/api.w.org\/{rel}","templated":true}]}}