{"id":3976,"date":"2025-06-17T14:39:19","date_gmt":"2025-06-17T17:39:19","guid":{"rendered":"https:\/\/wp.ufpel.edu.br\/famed\/?p=3976"},"modified":"2025-06-17T14:39:50","modified_gmt":"2025-06-17T17:39:50","slug":"ii-congresso-multidisciplinar-do-programa-de-praticas-integrativas-e-complementares","status":"publish","type":"post","link":"https:\/\/wp.ufpel.edu.br\/famed\/2025\/06\/17\/ii-congresso-multidisciplinar-do-programa-de-praticas-integrativas-e-complementares\/","title":{"rendered":"II Congresso Multidisciplinar do Programa de Pr\u00e1ticas Integrativas e Complementares"},"content":{"rendered":"<p>Nos dias 5, 6 e 7 de junho, o Programa de Pr\u00e1ticas Integrativas e Complementares da Universidade Federal de Pelotas (UFPel), vinculado ao Departamento de Medicina Social, realizou o seu II Congresso Multidisciplinar. O evento contou com a participa\u00e7\u00e3o de palestrantes de diversas \u00e1reas do conhecimento, que contribu\u00edram para o debate acerca da promo\u00e7\u00e3o da sa\u00fade por meio de terapias tradicionais, hortas familiares e preserva\u00e7\u00e3o ambiental. Estiveram presentes discentes e profissionais oriundos de diferentes cidades do Rio Grande do Sul, bem como do Uruguai, Bol\u00edvia e Col\u00f4mbia. Trabalhos de pesquisa na \u00e1rea foram apresentados durante o evento e atrav\u00e9s de banners. Os participantes tamb\u00e9m foram agraciados com uma bel\u00edssima apresenta\u00e7\u00e3o de piano com os alunos da professora Mauren Frey, do curso de M\u00fasica da UFPel.<\/p>\n<p><a href=\"https:\/\/wp.ufpel.edu.br\/famed\/files\/2025\/06\/WhatsApp-Image-2025-06-16-at-10.06.02.jpeg\"><img class=\"alignnone size-large wp-image-3980\" src=\"https:\/\/wp.ufpel.edu.br\/famed\/files\/2025\/06\/WhatsApp-Image-2025-06-16-at-10.06.02-1024x768.jpeg\" alt=\"\" width=\"1024\" height=\"768\" srcset=\"https:\/\/wp.ufpel.edu.br\/famed\/files\/2025\/06\/WhatsApp-Image-2025-06-16-at-10.06.02-1024x768.jpeg 1024w, https:\/\/wp.ufpel.edu.br\/famed\/files\/2025\/06\/WhatsApp-Image-2025-06-16-at-10.06.02-400x300.jpeg 400w, https:\/\/wp.ufpel.edu.br\/famed\/files\/2025\/06\/WhatsApp-Image-2025-06-16-at-10.06.02-768x576.jpeg 768w, https:\/\/wp.ufpel.edu.br\/famed\/files\/2025\/06\/WhatsApp-Image-2025-06-16-at-10.06.02.jpeg 1280w\" sizes=\"(max-width: 1024px) 100vw, 1024px\" \/><\/a><a href=\"https:\/\/wp.ufpel.edu.br\/famed\/files\/2025\/06\/WhatsApp-Image-2025-06-16-at-10.06.51.jpeg\"><img class=\"alignnone size-large wp-image-3979\" src=\"https:\/\/wp.ufpel.edu.br\/famed\/files\/2025\/06\/WhatsApp-Image-2025-06-16-at-10.06.51-1024x768.jpeg\" alt=\"\" width=\"1024\" height=\"768\" srcset=\"https:\/\/wp.ufpel.edu.br\/famed\/files\/2025\/06\/WhatsApp-Image-2025-06-16-at-10.06.51-1024x768.jpeg 1024w, https:\/\/wp.ufpel.edu.br\/famed\/files\/2025\/06\/WhatsApp-Image-2025-06-16-at-10.06.51-400x300.jpeg 400w, https:\/\/wp.ufpel.edu.br\/famed\/files\/2025\/06\/WhatsApp-Image-2025-06-16-at-10.06.51-768x576.jpeg 768w, https:\/\/wp.ufpel.edu.br\/famed\/files\/2025\/06\/WhatsApp-Image-2025-06-16-at-10.06.51.jpeg 1280w\" sizes=\"(max-width: 1024px) 100vw, 1024px\" \/><\/a><a href=\"https:\/\/wp.ufpel.edu.br\/famed\/files\/2025\/06\/WhatsApp-Image-2025-06-16-at-10.07.24.jpeg\"><img class=\"alignnone size-large wp-image-3978\" src=\"https:\/\/wp.ufpel.edu.br\/famed\/files\/2025\/06\/WhatsApp-Image-2025-06-16-at-10.07.24-768x1024.jpeg\" alt=\"\" width=\"768\" height=\"1024\" srcset=\"https:\/\/wp.ufpel.edu.br\/famed\/files\/2025\/06\/WhatsApp-Image-2025-06-16-at-10.07.24-768x1024.jpeg 768w, https:\/\/wp.ufpel.edu.br\/famed\/files\/2025\/06\/WhatsApp-Image-2025-06-16-at-10.07.24-300x400.jpeg 300w, https:\/\/wp.ufpel.edu.br\/famed\/files\/2025\/06\/WhatsApp-Image-2025-06-16-at-10.07.24.jpeg 960w\" sizes=\"(max-width: 768px) 100vw, 768px\" \/><\/a><\/p>\n","protected":false},"excerpt":{"rendered":"<p>Nos dias 5, 6 e 7 de junho, o Programa de Pr\u00e1ticas Integrativas e Complementares da Universidade Federal de Pelotas (UFPel), vinculado ao Departamento de Medicina Social, realizou o seu II Congresso Multidisciplinar. O evento contou com a participa\u00e7\u00e3o de palestrantes de diversas \u00e1reas do conhecimento, que contribu\u00edram para o debate acerca da promo\u00e7\u00e3o da [&hellip;]<\/p>\n","protected":false},"author":166,"featured_media":0,"comment_status":"closed","ping_status":"closed","sticky":false,"template":"","format":"standard","meta":{"jetpack_post_was_ever_published":false,"_jetpack_newsletter_access":"","_jetpack_dont_email_post_to_subs":false,"_jetpack_newsletter_tier_id":0,"_jetpack_memberships_contains_paywalled_content":false,"_jetpack_memberships_contains_paid_content":false,"footnotes":"","jetpack_publicize_message":"","jetpack_publicize_feature_enabled":true,"jetpack_social_post_already_shared":true,"jetpack_social_options":{"image_generator_settings":{"template":"highway","default_image_id":0,"font":"","enabled":false},"version":2}},"categories":[18],"tags":[],"class_list":["post-3976","post","type-post","status-publish","format-standard","hentry","category-noticias"],"jetpack_publicize_connections":[],"jetpack_featured_media_url":"","jetpack_sharing_enabled":true,"jetpack_shortlink":"https:\/\/wp.me\/p8YhqL-128","_links":{"self":[{"href":"https:\/\/wp.ufpel.edu.br\/famed\/wp-json\/wp\/v2\/posts\/3976","targetHints":{"allow":["GET"]}}],"collection":[{"href":"https:\/\/wp.ufpel.edu.br\/famed\/wp-json\/wp\/v2\/posts"}],"about":[{"href":"https:\/\/wp.ufpel.edu.br\/famed\/wp-json\/wp\/v2\/types\/post"}],"author":[{"embeddable":true,"href":"https:\/\/wp.ufpel.edu.br\/famed\/wp-json\/wp\/v2\/users\/166"}],"replies":[{"embeddable":true,"href":"https:\/\/wp.ufpel.edu.br\/famed\/wp-json\/wp\/v2\/comments?post=3976"}],"version-history":[{"count":2,"href":"https:\/\/wp.ufpel.edu.br\/famed\/wp-json\/wp\/v2\/posts\/3976\/revisions"}],"predecessor-version":[{"id":3982,"href":"https:\/\/wp.ufpel.edu.br\/famed\/wp-json\/wp\/v2\/posts\/3976\/revisions\/3982"}],"wp:attachment":[{"href":"https:\/\/wp.ufpel.edu.br\/famed\/wp-json\/wp\/v2\/media?parent=3976"}],"wp:term":[{"taxonomy":"category","embeddable":true,"href":"https:\/\/wp.ufpel.edu.br\/famed\/wp-json\/wp\/v2\/categories?post=3976"},{"taxonomy":"post_tag","embeddable":true,"href":"https:\/\/wp.ufpel.edu.br\/famed\/wp-json\/wp\/v2\/tags?post=3976"}],"curies":[{"name":"wp","href":"https:\/\/api.w.org\/{rel}","templated":true}]}}