{"id":3947,"date":"2025-05-15T08:33:23","date_gmt":"2025-05-15T11:33:23","guid":{"rendered":"https:\/\/wp.ufpel.edu.br\/famed\/?p=3947"},"modified":"2025-05-15T08:33:23","modified_gmt":"2025-05-15T11:33:23","slug":"curso-de-medicina-recebe-nota-4-do-inep-mec","status":"publish","type":"post","link":"https:\/\/wp.ufpel.edu.br\/famed\/2025\/05\/15\/curso-de-medicina-recebe-nota-4-do-inep-mec\/","title":{"rendered":"Curso de Medicina Recebe nota 4 do INEP\/MEC"},"content":{"rendered":"<p>No per\u00edodo 5 a 7 de Maio, o curso de Medicina recebeu visita in loco presencial do INEP\/MEC em mais uma etapa do seu processo de renova\u00e7\u00e3o de reconhecimento.<\/p>\n<p>Conforme relat\u00f3rio detalhado, a avalia\u00e7\u00e3o demonstrou crescimento das notas referente aos conceitos avaliados pelo MEC em rela\u00e7\u00e3o a \u00faltima avalia\u00e7\u00e3o presencial realizada em 2016. Agora, a nota do curso de Medicina da FAMED corresponde \u00e0 4.2 no conceito final continuo e 4 na nota geral, importante informar que a nota m\u00e1xima dos cursos \u00e9 5. Ficou demonstrado o crescimento expressivo em todas as dimens\u00f5es avaliadas, visto que a \u00faltima nota foi 3.<\/p>\n<p>Abaixo, segue os conceitos avaliados pelo Minist\u00e9rio da Educa\u00e7\u00e3o:<\/p>\n<p>Dimens\u00e3o 1<br \/>\nOrganiza\u00e7\u00e3o did\u00e1tico \u2013 pedag\u00f3gica: 4,27<\/p>\n<p>Dimens\u00e3o 2<br \/>\nCorpo docente e tutorial: 4,22<\/p>\n<p>Dimens\u00e3o 3<br \/>\nInfraestrutura: 4,23<\/p>\n<p>Conceito final cont\u00ednuo: 4,24<br \/>\nConceito final faixa: 4<\/p>\n<p>Agradecemos toda nossa comunidade FAMED, incluindo discentes, professores e t\u00e9cnicos administrativos em educa\u00e7\u00e3o. Voc\u00eas fazem parte dessa conquista!<\/p>\n<p><a href=\"https:\/\/wp.ufpel.edu.br\/famed\/files\/2025\/05\/imagem.jpg\"><img class=\"wp-image-3949 aligncenter\" src=\"https:\/\/wp.ufpel.edu.br\/famed\/files\/2025\/05\/imagem-819x1024.jpg\" alt=\"\" width=\"589\" height=\"736\" srcset=\"https:\/\/wp.ufpel.edu.br\/famed\/files\/2025\/05\/imagem-819x1024.jpg 819w, https:\/\/wp.ufpel.edu.br\/famed\/files\/2025\/05\/imagem-320x400.jpg 320w, https:\/\/wp.ufpel.edu.br\/famed\/files\/2025\/05\/imagem-768x960.jpg 768w, https:\/\/wp.ufpel.edu.br\/famed\/files\/2025\/05\/imagem.jpg 1080w\" sizes=\"(max-width: 589px) 100vw, 589px\" \/><\/a><\/p>\n","protected":false},"excerpt":{"rendered":"<p>No per\u00edodo 5 a 7 de Maio, o curso de Medicina recebeu visita in loco presencial do INEP\/MEC em mais uma etapa do seu processo de renova\u00e7\u00e3o de reconhecimento. Conforme relat\u00f3rio detalhado, a avalia\u00e7\u00e3o demonstrou crescimento das notas referente aos conceitos avaliados pelo MEC em rela\u00e7\u00e3o a \u00faltima avalia\u00e7\u00e3o presencial realizada em 2016. Agora, a [&hellip;]<\/p>\n","protected":false},"author":166,"featured_media":3949,"comment_status":"closed","ping_status":"closed","sticky":false,"template":"","format":"standard","meta":{"jetpack_post_was_ever_published":false,"_jetpack_newsletter_access":"","_jetpack_dont_email_post_to_subs":false,"_jetpack_newsletter_tier_id":0,"_jetpack_memberships_contains_paywalled_content":false,"_jetpack_memberships_contains_paid_content":false,"footnotes":"","jetpack_publicize_message":"","jetpack_publicize_feature_enabled":true,"jetpack_social_post_already_shared":true,"jetpack_social_options":{"image_generator_settings":{"template":"highway","default_image_id":0,"font":"","enabled":false},"version":2}},"categories":[18],"tags":[],"class_list":["post-3947","post","type-post","status-publish","format-standard","has-post-thumbnail","hentry","category-noticias"],"jetpack_publicize_connections":[],"jetpack_featured_media_url":"https:\/\/wp.ufpel.edu.br\/famed\/files\/2025\/05\/imagem.jpg","jetpack_sharing_enabled":true,"jetpack_shortlink":"https:\/\/wp.me\/p8YhqL-11F","_links":{"self":[{"href":"https:\/\/wp.ufpel.edu.br\/famed\/wp-json\/wp\/v2\/posts\/3947","targetHints":{"allow":["GET"]}}],"collection":[{"href":"https:\/\/wp.ufpel.edu.br\/famed\/wp-json\/wp\/v2\/posts"}],"about":[{"href":"https:\/\/wp.ufpel.edu.br\/famed\/wp-json\/wp\/v2\/types\/post"}],"author":[{"embeddable":true,"href":"https:\/\/wp.ufpel.edu.br\/famed\/wp-json\/wp\/v2\/users\/166"}],"replies":[{"embeddable":true,"href":"https:\/\/wp.ufpel.edu.br\/famed\/wp-json\/wp\/v2\/comments?post=3947"}],"version-history":[{"count":2,"href":"https:\/\/wp.ufpel.edu.br\/famed\/wp-json\/wp\/v2\/posts\/3947\/revisions"}],"predecessor-version":[{"id":3951,"href":"https:\/\/wp.ufpel.edu.br\/famed\/wp-json\/wp\/v2\/posts\/3947\/revisions\/3951"}],"wp:featuredmedia":[{"embeddable":true,"href":"https:\/\/wp.ufpel.edu.br\/famed\/wp-json\/wp\/v2\/media\/3949"}],"wp:attachment":[{"href":"https:\/\/wp.ufpel.edu.br\/famed\/wp-json\/wp\/v2\/media?parent=3947"}],"wp:term":[{"taxonomy":"category","embeddable":true,"href":"https:\/\/wp.ufpel.edu.br\/famed\/wp-json\/wp\/v2\/categories?post=3947"},{"taxonomy":"post_tag","embeddable":true,"href":"https:\/\/wp.ufpel.edu.br\/famed\/wp-json\/wp\/v2\/tags?post=3947"}],"curies":[{"name":"wp","href":"https:\/\/api.w.org\/{rel}","templated":true}]}}