{"id":3926,"date":"2025-04-28T15:52:17","date_gmt":"2025-04-28T18:52:17","guid":{"rendered":"https:\/\/wp.ufpel.edu.br\/famed\/?p=3926"},"modified":"2025-04-28T15:52:45","modified_gmt":"2025-04-28T18:52:45","slug":"3926","status":"publish","type":"post","link":"https:\/\/wp.ufpel.edu.br\/famed\/2025\/04\/28\/3926\/","title":{"rendered":"Apresenta\u00e7\u00e3o de propostas Chapa Movimento"},"content":{"rendered":"<p>A COE convida a Comunidade da Faculdade de Medicina para apresentar a Chapa MOVIMENTO FAMED \u00e0 consulta para elei\u00e7\u00e3o de Diretor(a), Vice-diretor(a) e Chefe do N\u00facleo Administrativo para apresentarem as suas propostas para gest\u00e3o 2025-2029, dia 30\/04 \u00e0s 16:00h, no Audit\u00f3rio da FAMED.<\/p>\n<p>Candidatos:<br \/>\nDiretor(a): Julieta Maria Carriconde Fripp<br \/>\nVice-Diretor(a): Silvia Elaine Cardozo Macedo<br \/>\nChefe do N\u00facleo Administrativo: S\u00e9rgio Eloir Teixeira Wotter<\/p>\n<p>Contamos com a presen\u00e7a de todos!<\/p>\n","protected":false},"excerpt":{"rendered":"<p>A COE convida a Comunidade da Faculdade de Medicina para apresentar a Chapa MOVIMENTO FAMED \u00e0 consulta para elei\u00e7\u00e3o de Diretor(a), Vice-diretor(a) e Chefe do N\u00facleo Administrativo para apresentarem as suas propostas para gest\u00e3o 2025-2029, dia 30\/04 \u00e0s 16:00h, no Audit\u00f3rio da FAMED. Candidatos: Diretor(a): Julieta Maria Carriconde Fripp Vice-Diretor(a): Silvia Elaine Cardozo Macedo Chefe [&hellip;]<\/p>\n","protected":false},"author":166,"featured_media":0,"comment_status":"closed","ping_status":"closed","sticky":false,"template":"","format":"standard","meta":{"jetpack_post_was_ever_published":false,"_jetpack_newsletter_access":"","_jetpack_dont_email_post_to_subs":false,"_jetpack_newsletter_tier_id":0,"_jetpack_memberships_contains_paywalled_content":false,"_jetpack_memberships_contains_paid_content":false,"footnotes":"","jetpack_publicize_message":"","jetpack_publicize_feature_enabled":true,"jetpack_social_post_already_shared":true,"jetpack_social_options":{"image_generator_settings":{"template":"highway","default_image_id":0,"font":"","enabled":false},"version":2}},"categories":[18],"tags":[],"class_list":["post-3926","post","type-post","status-publish","format-standard","hentry","category-noticias"],"jetpack_publicize_connections":[],"jetpack_featured_media_url":"","jetpack_sharing_enabled":true,"jetpack_shortlink":"https:\/\/wp.me\/s8YhqL-3926","_links":{"self":[{"href":"https:\/\/wp.ufpel.edu.br\/famed\/wp-json\/wp\/v2\/posts\/3926","targetHints":{"allow":["GET"]}}],"collection":[{"href":"https:\/\/wp.ufpel.edu.br\/famed\/wp-json\/wp\/v2\/posts"}],"about":[{"href":"https:\/\/wp.ufpel.edu.br\/famed\/wp-json\/wp\/v2\/types\/post"}],"author":[{"embeddable":true,"href":"https:\/\/wp.ufpel.edu.br\/famed\/wp-json\/wp\/v2\/users\/166"}],"replies":[{"embeddable":true,"href":"https:\/\/wp.ufpel.edu.br\/famed\/wp-json\/wp\/v2\/comments?post=3926"}],"version-history":[{"count":2,"href":"https:\/\/wp.ufpel.edu.br\/famed\/wp-json\/wp\/v2\/posts\/3926\/revisions"}],"predecessor-version":[{"id":3929,"href":"https:\/\/wp.ufpel.edu.br\/famed\/wp-json\/wp\/v2\/posts\/3926\/revisions\/3929"}],"wp:attachment":[{"href":"https:\/\/wp.ufpel.edu.br\/famed\/wp-json\/wp\/v2\/media?parent=3926"}],"wp:term":[{"taxonomy":"category","embeddable":true,"href":"https:\/\/wp.ufpel.edu.br\/famed\/wp-json\/wp\/v2\/categories?post=3926"},{"taxonomy":"post_tag","embeddable":true,"href":"https:\/\/wp.ufpel.edu.br\/famed\/wp-json\/wp\/v2\/tags?post=3926"}],"curies":[{"name":"wp","href":"https:\/\/api.w.org\/{rel}","templated":true}]}}