{"id":3755,"date":"2024-11-28T10:44:40","date_gmt":"2024-11-28T13:44:40","guid":{"rendered":"https:\/\/wp.ufpel.edu.br\/famed\/?p=3755"},"modified":"2024-11-28T10:45:13","modified_gmt":"2024-11-28T13:45:13","slug":"acolhida-de-ingressantes-do-curso-de-terapia-ocupacional","status":"publish","type":"post","link":"https:\/\/wp.ufpel.edu.br\/famed\/2024\/11\/28\/acolhida-de-ingressantes-do-curso-de-terapia-ocupacional\/","title":{"rendered":"Acolhida de Ingressantes do Curso de Terapia Ocupacional"},"content":{"rendered":"<p>Acolhida de Ingressantes do Curso de Terapia Ocupacional FAMED\/UFPel.<\/p>\n<p>O evento foi um importante momento de integra\u00e7\u00e3o com colegas do CATO, colegiado, coordena\u00e7\u00e3o e dire\u00e7\u00e3o.<\/p>\n<p>Sejam todos e todas bem vindos e bem vindas!<\/p>\n<p><a href=\"https:\/\/wp.ufpel.edu.br\/famed\/files\/2024\/11\/Acolhida-de-INGRESSANTES-do-Curso-de-Terapia-Ocupacional-Famed-.-Momento-de-integracao-com-colegas-do-CATO-colegiado-e-direcao-.-Sejam-todos-e-todas-bem-vindos-e-bem-vindas-3.jpg\"><img class=\"alignnone wp-image-3757\" src=\"https:\/\/wp.ufpel.edu.br\/famed\/files\/2024\/11\/Acolhida-de-INGRESSANTES-do-Curso-de-Terapia-Ocupacional-Famed-.-Momento-de-integracao-com-colegas-do-CATO-colegiado-e-direcao-.-Sejam-todos-e-todas-bem-vindos-e-bem-vindas-3-819x1024.jpg\" alt=\"\" width=\"501\" height=\"626\" srcset=\"https:\/\/wp.ufpel.edu.br\/famed\/files\/2024\/11\/Acolhida-de-INGRESSANTES-do-Curso-de-Terapia-Ocupacional-Famed-.-Momento-de-integracao-com-colegas-do-CATO-colegiado-e-direcao-.-Sejam-todos-e-todas-bem-vindos-e-bem-vindas-3-819x1024.jpg 819w, https:\/\/wp.ufpel.edu.br\/famed\/files\/2024\/11\/Acolhida-de-INGRESSANTES-do-Curso-de-Terapia-Ocupacional-Famed-.-Momento-de-integracao-com-colegas-do-CATO-colegiado-e-direcao-.-Sejam-todos-e-todas-bem-vindos-e-bem-vindas-3-320x400.jpg 320w, https:\/\/wp.ufpel.edu.br\/famed\/files\/2024\/11\/Acolhida-de-INGRESSANTES-do-Curso-de-Terapia-Ocupacional-Famed-.-Momento-de-integracao-com-colegas-do-CATO-colegiado-e-direcao-.-Sejam-todos-e-todas-bem-vindos-e-bem-vindas-3-768x960.jpg 768w, https:\/\/wp.ufpel.edu.br\/famed\/files\/2024\/11\/Acolhida-de-INGRESSANTES-do-Curso-de-Terapia-Ocupacional-Famed-.-Momento-de-integracao-com-colegas-do-CATO-colegiado-e-direcao-.-Sejam-todos-e-todas-bem-vindos-e-bem-vindas-3.jpg 1080w\" sizes=\"(max-width: 501px) 100vw, 501px\" \/><\/a> <a href=\"https:\/\/wp.ufpel.edu.br\/famed\/files\/2024\/11\/Acolhida-de-INGRESSANTES-do-Curso-de-Terapia-Ocupacional-Famed-.-Momento-de-integracao-com-colegas-do-CATO-colegiado-e-direcao-.-Sejam-todos-e-todas-bem-vindos-e-bem-vindas-2.jpg\"><img class=\"alignnone wp-image-3758\" src=\"https:\/\/wp.ufpel.edu.br\/famed\/files\/2024\/11\/Acolhida-de-INGRESSANTES-do-Curso-de-Terapia-Ocupacional-Famed-.-Momento-de-integracao-com-colegas-do-CATO-colegiado-e-direcao-.-Sejam-todos-e-todas-bem-vindos-e-bem-vindas-2-819x1024.jpg\" alt=\"\" width=\"501\" height=\"626\" srcset=\"https:\/\/wp.ufpel.edu.br\/famed\/files\/2024\/11\/Acolhida-de-INGRESSANTES-do-Curso-de-Terapia-Ocupacional-Famed-.-Momento-de-integracao-com-colegas-do-CATO-colegiado-e-direcao-.-Sejam-todos-e-todas-bem-vindos-e-bem-vindas-2-819x1024.jpg 819w, https:\/\/wp.ufpel.edu.br\/famed\/files\/2024\/11\/Acolhida-de-INGRESSANTES-do-Curso-de-Terapia-Ocupacional-Famed-.-Momento-de-integracao-com-colegas-do-CATO-colegiado-e-direcao-.-Sejam-todos-e-todas-bem-vindos-e-bem-vindas-2-320x400.jpg 320w, https:\/\/wp.ufpel.edu.br\/famed\/files\/2024\/11\/Acolhida-de-INGRESSANTES-do-Curso-de-Terapia-Ocupacional-Famed-.-Momento-de-integracao-com-colegas-do-CATO-colegiado-e-direcao-.-Sejam-todos-e-todas-bem-vindos-e-bem-vindas-2-768x961.jpg 768w, https:\/\/wp.ufpel.edu.br\/famed\/files\/2024\/11\/Acolhida-de-INGRESSANTES-do-Curso-de-Terapia-Ocupacional-Famed-.-Momento-de-integracao-com-colegas-do-CATO-colegiado-e-direcao-.-Sejam-todos-e-todas-bem-vindos-e-bem-vindas-2.jpg 1080w\" sizes=\"(max-width: 501px) 100vw, 501px\" \/><\/a> <a href=\"https:\/\/wp.ufpel.edu.br\/famed\/files\/2024\/11\/Acolhida-de-INGRESSANTES-do-Curso-de-Terapia-Ocupacional-Famed-.-Momento-de-integracao-com-colegas-do-CATO-colegiado-e-direcao-.-Sejam-todos-e-todas-bem-vindos-e-bem-vindas-1.jpg\"><img class=\"alignnone wp-image-3759\" src=\"https:\/\/wp.ufpel.edu.br\/famed\/files\/2024\/11\/Acolhida-de-INGRESSANTES-do-Curso-de-Terapia-Ocupacional-Famed-.-Momento-de-integracao-com-colegas-do-CATO-colegiado-e-direcao-.-Sejam-todos-e-todas-bem-vindos-e-bem-vindas-1-822x1024.jpg\" alt=\"\" width=\"501\" height=\"624\" srcset=\"https:\/\/wp.ufpel.edu.br\/famed\/files\/2024\/11\/Acolhida-de-INGRESSANTES-do-Curso-de-Terapia-Ocupacional-Famed-.-Momento-de-integracao-com-colegas-do-CATO-colegiado-e-direcao-.-Sejam-todos-e-todas-bem-vindos-e-bem-vindas-1-822x1024.jpg 822w, https:\/\/wp.ufpel.edu.br\/famed\/files\/2024\/11\/Acolhida-de-INGRESSANTES-do-Curso-de-Terapia-Ocupacional-Famed-.-Momento-de-integracao-com-colegas-do-CATO-colegiado-e-direcao-.-Sejam-todos-e-todas-bem-vindos-e-bem-vindas-1-321x400.jpg 321w, https:\/\/wp.ufpel.edu.br\/famed\/files\/2024\/11\/Acolhida-de-INGRESSANTES-do-Curso-de-Terapia-Ocupacional-Famed-.-Momento-de-integracao-com-colegas-do-CATO-colegiado-e-direcao-.-Sejam-todos-e-todas-bem-vindos-e-bem-vindas-1-768x957.jpg 768w, https:\/\/wp.ufpel.edu.br\/famed\/files\/2024\/11\/Acolhida-de-INGRESSANTES-do-Curso-de-Terapia-Ocupacional-Famed-.-Momento-de-integracao-com-colegas-do-CATO-colegiado-e-direcao-.-Sejam-todos-e-todas-bem-vindos-e-bem-vindas-1.jpg 1080w\" sizes=\"(max-width: 501px) 100vw, 501px\" \/><\/a> <a href=\"https:\/\/wp.ufpel.edu.br\/famed\/files\/2024\/11\/Acolhida-de-INGRESSANTES-do-Curso-de-Terapia-Ocupacional-Famed-.-Momento-de-integracao-com-colegas-do-CATO-colegiado-e-direcao-.-Sejam-todos-e-todas-bem-vindos-e-bem-vindas.jpg\"><img class=\"alignnone wp-image-3760\" src=\"https:\/\/wp.ufpel.edu.br\/famed\/files\/2024\/11\/Acolhida-de-INGRESSANTES-do-Curso-de-Terapia-Ocupacional-Famed-.-Momento-de-integracao-com-colegas-do-CATO-colegiado-e-direcao-.-Sejam-todos-e-todas-bem-vindos-e-bem-vindas-819x1024.jpg\" alt=\"\" width=\"497\" height=\"622\" srcset=\"https:\/\/wp.ufpel.edu.br\/famed\/files\/2024\/11\/Acolhida-de-INGRESSANTES-do-Curso-de-Terapia-Ocupacional-Famed-.-Momento-de-integracao-com-colegas-do-CATO-colegiado-e-direcao-.-Sejam-todos-e-todas-bem-vindos-e-bem-vindas-819x1024.jpg 819w, https:\/\/wp.ufpel.edu.br\/famed\/files\/2024\/11\/Acolhida-de-INGRESSANTES-do-Curso-de-Terapia-Ocupacional-Famed-.-Momento-de-integracao-com-colegas-do-CATO-colegiado-e-direcao-.-Sejam-todos-e-todas-bem-vindos-e-bem-vindas-320x400.jpg 320w, https:\/\/wp.ufpel.edu.br\/famed\/files\/2024\/11\/Acolhida-de-INGRESSANTES-do-Curso-de-Terapia-Ocupacional-Famed-.-Momento-de-integracao-com-colegas-do-CATO-colegiado-e-direcao-.-Sejam-todos-e-todas-bem-vindos-e-bem-vindas-768x960.jpg 768w, https:\/\/wp.ufpel.edu.br\/famed\/files\/2024\/11\/Acolhida-de-INGRESSANTES-do-Curso-de-Terapia-Ocupacional-Famed-.-Momento-de-integracao-com-colegas-do-CATO-colegiado-e-direcao-.-Sejam-todos-e-todas-bem-vindos-e-bem-vindas.jpg 1080w\" sizes=\"(max-width: 497px) 100vw, 497px\" \/><\/a><\/p>\n","protected":false},"excerpt":{"rendered":"<p>Acolhida de Ingressantes do Curso de Terapia Ocupacional FAMED\/UFPel. O evento foi um importante momento de integra\u00e7\u00e3o com colegas do CATO, colegiado, coordena\u00e7\u00e3o e dire\u00e7\u00e3o. Sejam todos e todas bem vindos e bem vindas!<\/p>\n","protected":false},"author":166,"featured_media":3757,"comment_status":"closed","ping_status":"closed","sticky":false,"template":"","format":"standard","meta":{"jetpack_post_was_ever_published":false,"_jetpack_newsletter_access":"","_jetpack_dont_email_post_to_subs":false,"_jetpack_newsletter_tier_id":0,"_jetpack_memberships_contains_paywalled_content":false,"_jetpack_memberships_contains_paid_content":false,"footnotes":"","jetpack_publicize_message":"","jetpack_publicize_feature_enabled":true,"jetpack_social_post_already_shared":true,"jetpack_social_options":{"image_generator_settings":{"template":"highway","default_image_id":0,"font":"","enabled":false},"version":2}},"categories":[18],"tags":[],"class_list":["post-3755","post","type-post","status-publish","format-standard","has-post-thumbnail","hentry","category-noticias"],"jetpack_publicize_connections":[],"jetpack_featured_media_url":"https:\/\/wp.ufpel.edu.br\/famed\/files\/2024\/11\/Acolhida-de-INGRESSANTES-do-Curso-de-Terapia-Ocupacional-Famed-.-Momento-de-integracao-com-colegas-do-CATO-colegiado-e-direcao-.-Sejam-todos-e-todas-bem-vindos-e-bem-vindas-3.jpg","jetpack_sharing_enabled":true,"jetpack_shortlink":"https:\/\/wp.me\/p8YhqL-Yz","_links":{"self":[{"href":"https:\/\/wp.ufpel.edu.br\/famed\/wp-json\/wp\/v2\/posts\/3755","targetHints":{"allow":["GET"]}}],"collection":[{"href":"https:\/\/wp.ufpel.edu.br\/famed\/wp-json\/wp\/v2\/posts"}],"about":[{"href":"https:\/\/wp.ufpel.edu.br\/famed\/wp-json\/wp\/v2\/types\/post"}],"author":[{"embeddable":true,"href":"https:\/\/wp.ufpel.edu.br\/famed\/wp-json\/wp\/v2\/users\/166"}],"replies":[{"embeddable":true,"href":"https:\/\/wp.ufpel.edu.br\/famed\/wp-json\/wp\/v2\/comments?post=3755"}],"version-history":[{"count":3,"href":"https:\/\/wp.ufpel.edu.br\/famed\/wp-json\/wp\/v2\/posts\/3755\/revisions"}],"predecessor-version":[{"id":3763,"href":"https:\/\/wp.ufpel.edu.br\/famed\/wp-json\/wp\/v2\/posts\/3755\/revisions\/3763"}],"wp:featuredmedia":[{"embeddable":true,"href":"https:\/\/wp.ufpel.edu.br\/famed\/wp-json\/wp\/v2\/media\/3757"}],"wp:attachment":[{"href":"https:\/\/wp.ufpel.edu.br\/famed\/wp-json\/wp\/v2\/media?parent=3755"}],"wp:term":[{"taxonomy":"category","embeddable":true,"href":"https:\/\/wp.ufpel.edu.br\/famed\/wp-json\/wp\/v2\/categories?post=3755"},{"taxonomy":"post_tag","embeddable":true,"href":"https:\/\/wp.ufpel.edu.br\/famed\/wp-json\/wp\/v2\/tags?post=3755"}],"curies":[{"name":"wp","href":"https:\/\/api.w.org\/{rel}","templated":true}]}}