{"id":3717,"date":"2024-10-17T15:08:01","date_gmt":"2024-10-17T18:08:01","guid":{"rendered":"https:\/\/wp.ufpel.edu.br\/famed\/?p=3717"},"modified":"2024-10-17T15:08:01","modified_gmt":"2024-10-17T18:08:01","slug":"iv-congresso-de-cuidados-paliativos-do-mercosul","status":"publish","type":"post","link":"https:\/\/wp.ufpel.edu.br\/famed\/2024\/10\/17\/iv-congresso-de-cuidados-paliativos-do-mercosul\/","title":{"rendered":"IV Congresso de Cuidados Paliativos do Mercosul"},"content":{"rendered":"<p><a href=\"https:\/\/ccs2.ufpel.edu.br\/wp\/wp-content\/uploads\/2024\/10\/1EE9CC88-B6EE-47BC-9333-C7EF1F2D1507-1.jpeg\"><img class=\"alignleft wp-image-126905 size-full\" src=\"https:\/\/ccs2.ufpel.edu.br\/wp\/wp-content\/uploads\/2024\/10\/1EE9CC88-B6EE-47BC-9333-C7EF1F2D1507-1.jpeg\" sizes=\"(max-width: 403px) 100vw, 403px\" srcset=\"https:\/\/ccs2.ufpel.edu.br\/wp\/wp-content\/uploads\/2024\/10\/1EE9CC88-B6EE-47BC-9333-C7EF1F2D1507-1.jpeg 403w, https:\/\/ccs2.ufpel.edu.br\/wp\/wp-content\/uploads\/2024\/10\/1EE9CC88-B6EE-47BC-9333-C7EF1F2D1507-1-140x400.jpeg 140w, https:\/\/ccs2.ufpel.edu.br\/wp\/wp-content\/uploads\/2024\/10\/1EE9CC88-B6EE-47BC-9333-C7EF1F2D1507-1-359x1024.jpeg 359w\" alt=\"\" width=\"403\" height=\"1150\" data-attachment-id=\"126905\" data-permalink=\"https:\/\/ccs2.ufpel.edu.br\/wp\/2024\/10\/14\/ufpel-sedia-o-iv-congresso-de-cuidados-paliativos-do-mercosul-de-16-a-18-de-outubro\/1ee9cc88-b6ee-47bc-9333-c7ef1f2d1507-2\/\" data-orig-file=\"https:\/\/ccs2.ufpel.edu.br\/wp\/wp-content\/uploads\/2024\/10\/1EE9CC88-B6EE-47BC-9333-C7EF1F2D1507-1.jpeg\" data-orig-size=\"403,1150\" data-comments-opened=\"0\" data-image-meta=\"{&quot;aperture&quot;:&quot;0&quot;,&quot;credit&quot;:&quot;&quot;,&quot;camera&quot;:&quot;&quot;,&quot;caption&quot;:&quot;&quot;,&quot;created_timestamp&quot;:&quot;0&quot;,&quot;copyright&quot;:&quot;&quot;,&quot;focal_length&quot;:&quot;0&quot;,&quot;iso&quot;:&quot;0&quot;,&quot;shutter_speed&quot;:&quot;0&quot;,&quot;title&quot;:&quot;&quot;,&quot;orientation&quot;:&quot;0&quot;}\" data-image-title=\"1EE9CC88-B6EE-47BC-9333-C7EF1F2D1507\" data-image-description=\"\" data-image-caption=\"\" data-medium-file=\"https:\/\/ccs2.ufpel.edu.br\/wp\/wp-content\/uploads\/2024\/10\/1EE9CC88-B6EE-47BC-9333-C7EF1F2D1507-1-140x400.jpeg\" data-large-file=\"https:\/\/ccs2.ufpel.edu.br\/wp\/wp-content\/uploads\/2024\/10\/1EE9CC88-B6EE-47BC-9333-C7EF1F2D1507-1-359x1024.jpeg\" \/><\/a>De 16 a 18 de outubro, a Universidade Federal de Pelotas sediar\u00e1 o IV Congresso de Cuidados Paliativos do Mercosul, com o tema \u201cA consolida\u00e7\u00e3o dos Cuidados Paliativos na Sa\u00fade P\u00fablica\u201d. O evento reunir\u00e1 profissionais de diversas \u00e1reas do conhecimento para uma ampla programa\u00e7\u00e3o que inclui palestras, confer\u00eancias, workshops, mesas redondas e minicursos, abordando a import\u00e2ncia dos cuidados paliativos na forma\u00e7\u00e3o e atualiza\u00e7\u00e3o de quem se dedica ao cuidado de pessoas com doen\u00e7as graves.<\/p>\n<p>Com abordagem interdisciplinar, o congresso discutir\u00e1 o conceito de \u201cdor total\u201d, englobando quest\u00f5es relacionadas ao diagn\u00f3stico, al\u00edvio do sofrimento em suas dimens\u00f5es f\u00edsicas, emocionais, sociais e espirituais. Entre os temas, destaque para a educa\u00e7\u00e3o em cuidados paliativos, pesquisa, di\u00e1logo entre \u00e1reas diversas e o cuidado integral de pacientes e seus familiares. A programa\u00e7\u00e3o tamb\u00e9m conta com workshops e minicursos voltados para pol\u00edtica p\u00fablica, com conte\u00fados que aprofundam aspectos importantes para a atua\u00e7\u00e3o profissional e acad\u00eamicos da \u00e1rea da sa\u00fade.<\/p>\n<p>Neste ano, o evento traz uma inova\u00e7\u00e3o: o I Congresso de Pr\u00e1ticas Integrativas e Complementares do Mercosul (PICS), que contar\u00e1 com especialistas do Brasil e de outros pa\u00edses do Mercosul, destacando o papel dessas pr\u00e1ticas na qualidade de vida dos pacientes. Al\u00e9m disso, o congresso lan\u00e7ar\u00e1 o I Congresso da Frente Paliativista, fruto de uma mobiliza\u00e7\u00e3o nacional em prol da implementa\u00e7\u00e3o da Pol\u00edtica Nacional de Cuidados Paliativos, regulamentada pela Portaria n\u00ba 3.631 de maio de 2024, buscando ampliar esses cuidados para toda a comunidade.<\/p>\n<p>Para acompanhar a programa\u00e7\u00e3o e obter mais informa\u00e7\u00f5es sobre inscri\u00e7\u00f5es e envio de trabalhos, os interessados \u200b\u200bpodem acessar o site oficial e as redes sociais do congresso.<\/p>\n","protected":false},"excerpt":{"rendered":"<p>De 16 a 18 de outubro, a Universidade Federal de Pelotas sediar\u00e1 o IV Congresso de Cuidados Paliativos do Mercosul, com o tema \u201cA consolida\u00e7\u00e3o dos Cuidados Paliativos na Sa\u00fade P\u00fablica\u201d. O evento reunir\u00e1 profissionais de diversas \u00e1reas do conhecimento para uma ampla programa\u00e7\u00e3o que inclui palestras, confer\u00eancias, workshops, mesas redondas e minicursos, abordando a [&hellip;]<\/p>\n","protected":false},"author":166,"featured_media":0,"comment_status":"closed","ping_status":"closed","sticky":false,"template":"","format":"standard","meta":{"jetpack_post_was_ever_published":false,"_jetpack_newsletter_access":"","_jetpack_dont_email_post_to_subs":false,"_jetpack_newsletter_tier_id":0,"_jetpack_memberships_contains_paywalled_content":false,"_jetpack_memberships_contains_paid_content":false,"footnotes":"","jetpack_publicize_message":"","jetpack_publicize_feature_enabled":true,"jetpack_social_post_already_shared":true,"jetpack_social_options":{"image_generator_settings":{"template":"highway","default_image_id":0,"font":"","enabled":false},"version":2}},"categories":[18],"tags":[],"class_list":["post-3717","post","type-post","status-publish","format-standard","hentry","category-noticias"],"jetpack_publicize_connections":[],"jetpack_featured_media_url":"","jetpack_sharing_enabled":true,"jetpack_shortlink":"https:\/\/wp.me\/p8YhqL-XX","_links":{"self":[{"href":"https:\/\/wp.ufpel.edu.br\/famed\/wp-json\/wp\/v2\/posts\/3717","targetHints":{"allow":["GET"]}}],"collection":[{"href":"https:\/\/wp.ufpel.edu.br\/famed\/wp-json\/wp\/v2\/posts"}],"about":[{"href":"https:\/\/wp.ufpel.edu.br\/famed\/wp-json\/wp\/v2\/types\/post"}],"author":[{"embeddable":true,"href":"https:\/\/wp.ufpel.edu.br\/famed\/wp-json\/wp\/v2\/users\/166"}],"replies":[{"embeddable":true,"href":"https:\/\/wp.ufpel.edu.br\/famed\/wp-json\/wp\/v2\/comments?post=3717"}],"version-history":[{"count":1,"href":"https:\/\/wp.ufpel.edu.br\/famed\/wp-json\/wp\/v2\/posts\/3717\/revisions"}],"predecessor-version":[{"id":3719,"href":"https:\/\/wp.ufpel.edu.br\/famed\/wp-json\/wp\/v2\/posts\/3717\/revisions\/3719"}],"wp:attachment":[{"href":"https:\/\/wp.ufpel.edu.br\/famed\/wp-json\/wp\/v2\/media?parent=3717"}],"wp:term":[{"taxonomy":"category","embeddable":true,"href":"https:\/\/wp.ufpel.edu.br\/famed\/wp-json\/wp\/v2\/categories?post=3717"},{"taxonomy":"post_tag","embeddable":true,"href":"https:\/\/wp.ufpel.edu.br\/famed\/wp-json\/wp\/v2\/tags?post=3717"}],"curies":[{"name":"wp","href":"https:\/\/api.w.org\/{rel}","templated":true}]}}