{"id":3588,"date":"2024-01-10T09:05:06","date_gmt":"2024-01-10T12:05:06","guid":{"rendered":"https:\/\/wp.ufpel.edu.br\/famed\/?p=3588"},"modified":"2024-01-10T09:05:06","modified_gmt":"2024-01-10T12:05:06","slug":"processo-seletivo-para-professor-substituto","status":"publish","type":"post","link":"https:\/\/wp.ufpel.edu.br\/famed\/2024\/01\/10\/processo-seletivo-para-professor-substituto\/","title":{"rendered":"Processo Seletivo para Professor Substituto"},"content":{"rendered":"<p>A Universidade Federal de Pelotas (UFPel) est\u00e1 realizando Processo Seletivo para contrata\u00e7\u00e3o de professores substitutos em diversas \u00e1reas.\u00a0 Na Faculdade de Medicina, s\u00e3o 2 vagas nas \u00e1reas de <strong>Aten\u00e7\u00e3o B\u00e1sica \u00e0 Sa\u00fade<\/strong> e <strong>Terapia Ocupacional<\/strong>.<\/p>\n<p>As inscri\u00e7\u00f5es dever\u00e3o ser realizadas no per\u00edodo entre as 10 horas do dia 05\/01\/2024 at\u00e9 as 23h59min do dia 22\/01\/2024, exclusivamente via INTERNET, no endere\u00e7o eletr\u00f4nico do certame, dispon\u00edvel em: <a href=\"http:\/\/ces.ufpel.edu.br\/conctecadmed0001_2024\/\">http:\/\/ces.ufpel.edu.br\/conctecadmed0001_2024\/<\/a>. O edital est\u00e1 dispon\u00edvel no mesmo link.<\/p>\n<p><a href=\"https:\/\/wp.ufpel.edu.br\/famed\/files\/2024\/01\/Sem-titulo-1.png\"><img class=\"alignnone  wp-image-3590\" src=\"https:\/\/wp.ufpel.edu.br\/famed\/files\/2024\/01\/Sem-titulo-1.png\" alt=\"\" width=\"708\" height=\"377\" srcset=\"https:\/\/wp.ufpel.edu.br\/famed\/files\/2024\/01\/Sem-titulo-1.png 853w, https:\/\/wp.ufpel.edu.br\/famed\/files\/2024\/01\/Sem-titulo-1-400x213.png 400w, https:\/\/wp.ufpel.edu.br\/famed\/files\/2024\/01\/Sem-titulo-1-768x409.png 768w\" sizes=\"(max-width: 708px) 100vw, 708px\" \/><\/a><\/p>\n","protected":false},"excerpt":{"rendered":"<p>A Universidade Federal de Pelotas (UFPel) est\u00e1 realizando Processo Seletivo para contrata\u00e7\u00e3o de professores substitutos em diversas \u00e1reas.\u00a0 Na Faculdade de Medicina, s\u00e3o 2 vagas nas \u00e1reas de Aten\u00e7\u00e3o B\u00e1sica \u00e0 Sa\u00fade e Terapia Ocupacional. As inscri\u00e7\u00f5es dever\u00e3o ser realizadas no per\u00edodo entre as 10 horas do dia 05\/01\/2024 at\u00e9 as 23h59min do dia 22\/01\/2024, [&hellip;]<\/p>\n","protected":false},"author":166,"featured_media":0,"comment_status":"closed","ping_status":"closed","sticky":false,"template":"","format":"standard","meta":{"jetpack_post_was_ever_published":false,"_jetpack_newsletter_access":"","_jetpack_dont_email_post_to_subs":false,"_jetpack_newsletter_tier_id":0,"_jetpack_memberships_contains_paywalled_content":false,"_jetpack_memberships_contains_paid_content":false,"footnotes":"","jetpack_publicize_message":"","jetpack_publicize_feature_enabled":true,"jetpack_social_post_already_shared":true,"jetpack_social_options":{"image_generator_settings":{"template":"highway","default_image_id":0,"font":"","enabled":false},"version":2}},"categories":[18],"tags":[],"class_list":["post-3588","post","type-post","status-publish","format-standard","hentry","category-noticias"],"jetpack_publicize_connections":[],"jetpack_featured_media_url":"","jetpack_sharing_enabled":true,"jetpack_shortlink":"https:\/\/wp.me\/p8YhqL-VS","_links":{"self":[{"href":"https:\/\/wp.ufpel.edu.br\/famed\/wp-json\/wp\/v2\/posts\/3588","targetHints":{"allow":["GET"]}}],"collection":[{"href":"https:\/\/wp.ufpel.edu.br\/famed\/wp-json\/wp\/v2\/posts"}],"about":[{"href":"https:\/\/wp.ufpel.edu.br\/famed\/wp-json\/wp\/v2\/types\/post"}],"author":[{"embeddable":true,"href":"https:\/\/wp.ufpel.edu.br\/famed\/wp-json\/wp\/v2\/users\/166"}],"replies":[{"embeddable":true,"href":"https:\/\/wp.ufpel.edu.br\/famed\/wp-json\/wp\/v2\/comments?post=3588"}],"version-history":[{"count":1,"href":"https:\/\/wp.ufpel.edu.br\/famed\/wp-json\/wp\/v2\/posts\/3588\/revisions"}],"predecessor-version":[{"id":3591,"href":"https:\/\/wp.ufpel.edu.br\/famed\/wp-json\/wp\/v2\/posts\/3588\/revisions\/3591"}],"wp:attachment":[{"href":"https:\/\/wp.ufpel.edu.br\/famed\/wp-json\/wp\/v2\/media?parent=3588"}],"wp:term":[{"taxonomy":"category","embeddable":true,"href":"https:\/\/wp.ufpel.edu.br\/famed\/wp-json\/wp\/v2\/categories?post=3588"},{"taxonomy":"post_tag","embeddable":true,"href":"https:\/\/wp.ufpel.edu.br\/famed\/wp-json\/wp\/v2\/tags?post=3588"}],"curies":[{"name":"wp","href":"https:\/\/api.w.org\/{rel}","templated":true}]}}