{"id":3500,"date":"2023-10-16T15:53:18","date_gmt":"2023-10-16T18:53:18","guid":{"rendered":"https:\/\/wp.ufpel.edu.br\/famed\/?p=3500"},"modified":"2023-10-16T15:53:18","modified_gmt":"2023-10-16T18:53:18","slug":"processo-seletivo-para-residencia-medica","status":"publish","type":"post","link":"https:\/\/wp.ufpel.edu.br\/famed\/2023\/10\/16\/processo-seletivo-para-residencia-medica\/","title":{"rendered":"Processo seletivo para Resid\u00eancia M\u00e9dica"},"content":{"rendered":"<p>A Comiss\u00e3o de Resid\u00eancia M\u00e9dica da Faculdade de Medicina da Universidade Federal de Pelotas est\u00e1 com processo seletivo para Resid\u00eancia M\u00e9dica nas especialidades: Cl\u00ednica M\u00e9dica, Endocrinologia e Metabologia, Gatroenterologia, Ginecologia e Obstetr\u00edcia, Medicina de Fam\u00edlia e Comunidade, Neonatologia, Pediatria e Psiquiatria.<\/p>\n<p>As inscri\u00e7\u00f5es podem ser feitas at\u00e9 23 de outubro de 2023 no link <a href=\"https:\/\/www.amrigs.org.br\/prova\/\">https:\/\/www.amrigs.org.br\/prova\/<\/a> .<\/p>\n<p>Acesse o Edital no site da <a href=\"https:\/\/www.amrigs.org.br\/\">AMRIGS<\/a> e acompanhe as informa\u00e7\u00f5es https:\/\/www.gov.br\/ebserh\/pt-br\/hospitais-universitarios\/regiao-sul\/he-ufpel\/ensino-e-pesquisa\/coreme-comissao-de-residencia-medica .<\/p>\n<p><a href=\"https:\/\/wp.ufpel.edu.br\/famed\/files\/2023\/10\/WhatsApp-Image-2023-10-16-at-15.31.22.jpeg\">,<img class=\"alignnone size-large wp-image-3502\" src=\"https:\/\/wp.ufpel.edu.br\/famed\/files\/2023\/10\/WhatsApp-Image-2023-10-16-at-15.31.22-1024x921.jpeg\" alt=\"\" width=\"1024\" height=\"921\" srcset=\"https:\/\/wp.ufpel.edu.br\/famed\/files\/2023\/10\/WhatsApp-Image-2023-10-16-at-15.31.22-1024x921.jpeg 1024w, https:\/\/wp.ufpel.edu.br\/famed\/files\/2023\/10\/WhatsApp-Image-2023-10-16-at-15.31.22-400x360.jpeg 400w, https:\/\/wp.ufpel.edu.br\/famed\/files\/2023\/10\/WhatsApp-Image-2023-10-16-at-15.31.22-768x690.jpeg 768w, https:\/\/wp.ufpel.edu.br\/famed\/files\/2023\/10\/WhatsApp-Image-2023-10-16-at-15.31.22.jpeg 1080w\" sizes=\"(max-width: 1024px) 100vw, 1024px\" \/><\/a> <a href=\"https:\/\/wp.ufpel.edu.br\/famed\/files\/2023\/10\/WhatsApp-Image-2023-10-16-at-15.31.23-1.jpeg\"><img class=\"alignnone size-large wp-image-3503\" src=\"https:\/\/wp.ufpel.edu.br\/famed\/files\/2023\/10\/WhatsApp-Image-2023-10-16-at-15.31.23-1-1024x919.jpeg\" alt=\"\" width=\"1024\" height=\"919\" srcset=\"https:\/\/wp.ufpel.edu.br\/famed\/files\/2023\/10\/WhatsApp-Image-2023-10-16-at-15.31.23-1-1024x919.jpeg 1024w, https:\/\/wp.ufpel.edu.br\/famed\/files\/2023\/10\/WhatsApp-Image-2023-10-16-at-15.31.23-1-400x359.jpeg 400w, https:\/\/wp.ufpel.edu.br\/famed\/files\/2023\/10\/WhatsApp-Image-2023-10-16-at-15.31.23-1-768x689.jpeg 768w, https:\/\/wp.ufpel.edu.br\/famed\/files\/2023\/10\/WhatsApp-Image-2023-10-16-at-15.31.23-1.jpeg 1080w\" sizes=\"(max-width: 1024px) 100vw, 1024px\" \/><\/a> <a href=\"https:\/\/wp.ufpel.edu.br\/famed\/files\/2023\/10\/WhatsApp-Image-2023-10-16-at-15.31.23.jpeg\"><img class=\"alignnone size-large wp-image-3504\" src=\"https:\/\/wp.ufpel.edu.br\/famed\/files\/2023\/10\/WhatsApp-Image-2023-10-16-at-15.31.23-1024x1024.jpeg\" alt=\"\" width=\"1024\" height=\"1024\" srcset=\"https:\/\/wp.ufpel.edu.br\/famed\/files\/2023\/10\/WhatsApp-Image-2023-10-16-at-15.31.23-1024x1024.jpeg 1024w, https:\/\/wp.ufpel.edu.br\/famed\/files\/2023\/10\/WhatsApp-Image-2023-10-16-at-15.31.23-400x400.jpeg 400w, https:\/\/wp.ufpel.edu.br\/famed\/files\/2023\/10\/WhatsApp-Image-2023-10-16-at-15.31.23-200x200.jpeg 200w, https:\/\/wp.ufpel.edu.br\/famed\/files\/2023\/10\/WhatsApp-Image-2023-10-16-at-15.31.23-768x768.jpeg 768w, https:\/\/wp.ufpel.edu.br\/famed\/files\/2023\/10\/WhatsApp-Image-2023-10-16-at-15.31.23.jpeg 1080w\" sizes=\"(max-width: 1024px) 100vw, 1024px\" \/><\/a><\/p>\n","protected":false},"excerpt":{"rendered":"<p>A Comiss\u00e3o de Resid\u00eancia M\u00e9dica da Faculdade de Medicina da Universidade Federal de Pelotas est\u00e1 com processo seletivo para Resid\u00eancia M\u00e9dica nas especialidades: Cl\u00ednica M\u00e9dica, Endocrinologia e Metabologia, Gatroenterologia, Ginecologia e Obstetr\u00edcia, Medicina de Fam\u00edlia e Comunidade, Neonatologia, Pediatria e Psiquiatria. As inscri\u00e7\u00f5es podem ser feitas at\u00e9 23 de outubro de 2023 no link https:\/\/www.amrigs.org.br\/prova\/ [&hellip;]<\/p>\n","protected":false},"author":166,"featured_media":0,"comment_status":"closed","ping_status":"closed","sticky":false,"template":"","format":"standard","meta":{"jetpack_post_was_ever_published":false,"_jetpack_newsletter_access":"","_jetpack_dont_email_post_to_subs":false,"_jetpack_newsletter_tier_id":0,"_jetpack_memberships_contains_paywalled_content":false,"_jetpack_memberships_contains_paid_content":false,"footnotes":"","jetpack_publicize_message":"","jetpack_publicize_feature_enabled":true,"jetpack_social_post_already_shared":true,"jetpack_social_options":{"image_generator_settings":{"template":"highway","default_image_id":0,"font":"","enabled":false},"version":2}},"categories":[18],"tags":[],"class_list":["post-3500","post","type-post","status-publish","format-standard","hentry","category-noticias"],"jetpack_publicize_connections":[],"jetpack_featured_media_url":"","jetpack_sharing_enabled":true,"jetpack_shortlink":"https:\/\/wp.me\/p8YhqL-Us","_links":{"self":[{"href":"https:\/\/wp.ufpel.edu.br\/famed\/wp-json\/wp\/v2\/posts\/3500","targetHints":{"allow":["GET"]}}],"collection":[{"href":"https:\/\/wp.ufpel.edu.br\/famed\/wp-json\/wp\/v2\/posts"}],"about":[{"href":"https:\/\/wp.ufpel.edu.br\/famed\/wp-json\/wp\/v2\/types\/post"}],"author":[{"embeddable":true,"href":"https:\/\/wp.ufpel.edu.br\/famed\/wp-json\/wp\/v2\/users\/166"}],"replies":[{"embeddable":true,"href":"https:\/\/wp.ufpel.edu.br\/famed\/wp-json\/wp\/v2\/comments?post=3500"}],"version-history":[{"count":1,"href":"https:\/\/wp.ufpel.edu.br\/famed\/wp-json\/wp\/v2\/posts\/3500\/revisions"}],"predecessor-version":[{"id":3505,"href":"https:\/\/wp.ufpel.edu.br\/famed\/wp-json\/wp\/v2\/posts\/3500\/revisions\/3505"}],"wp:attachment":[{"href":"https:\/\/wp.ufpel.edu.br\/famed\/wp-json\/wp\/v2\/media?parent=3500"}],"wp:term":[{"taxonomy":"category","embeddable":true,"href":"https:\/\/wp.ufpel.edu.br\/famed\/wp-json\/wp\/v2\/categories?post=3500"},{"taxonomy":"post_tag","embeddable":true,"href":"https:\/\/wp.ufpel.edu.br\/famed\/wp-json\/wp\/v2\/tags?post=3500"}],"curies":[{"name":"wp","href":"https:\/\/api.w.org\/{rel}","templated":true}]}}