{"id":3365,"date":"2023-05-12T16:39:28","date_gmt":"2023-05-12T19:39:28","guid":{"rendered":"https:\/\/wp.ufpel.edu.br\/famed\/?p=3365"},"modified":"2023-05-12T16:39:28","modified_gmt":"2023-05-12T19:39:28","slug":"ambulatorio-central-celebra-dia-do-enfermeiroa-e-assistente-social","status":"publish","type":"post","link":"https:\/\/wp.ufpel.edu.br\/famed\/2023\/05\/12\/ambulatorio-central-celebra-dia-do-enfermeiroa-e-assistente-social\/","title":{"rendered":"Ambulat\u00f3rio Central celebra dia do Enfermeiro(a) e Assistente Social"},"content":{"rendered":"<p>O Ambulat\u00f3rio Central da Faculdade de Medicina da UFPel celebrou hoje o Dia da Enfermagem, 12 de maio, e o dia do Assistente Social comemorado na segunda-feira, 15 de maio.<\/p>\n<p>Com a participa\u00e7\u00e3o dos profissionais dos Ambulat\u00f3rios da FAMED e das 3 UBSs, foi realizada palestra pela psic\u00f3loga Angelica, atividades com as educadoras f\u00edsicas Eliana e Elisangela, e sess\u00e3o de beleza Mary Key.<\/p>\n<p><a href=\"https:\/\/wp.ufpel.edu.br\/famed\/files\/2023\/05\/WhatsApp-Image-2023-05-12-at-15.39.14-1.jpeg\"><img class=\"alignnone size-large wp-image-3367\" src=\"https:\/\/wp.ufpel.edu.br\/famed\/files\/2023\/05\/WhatsApp-Image-2023-05-12-at-15.39.14-1-768x1024.jpeg\" alt=\"\" width=\"768\" height=\"1024\" srcset=\"https:\/\/wp.ufpel.edu.br\/famed\/files\/2023\/05\/WhatsApp-Image-2023-05-12-at-15.39.14-1-768x1024.jpeg 768w, https:\/\/wp.ufpel.edu.br\/famed\/files\/2023\/05\/WhatsApp-Image-2023-05-12-at-15.39.14-1-300x400.jpeg 300w, https:\/\/wp.ufpel.edu.br\/famed\/files\/2023\/05\/WhatsApp-Image-2023-05-12-at-15.39.14-1.jpeg 960w\" sizes=\"(max-width: 768px) 100vw, 768px\" \/><\/a> <a href=\"https:\/\/wp.ufpel.edu.br\/famed\/files\/2023\/05\/WhatsApp-Image-2023-05-12-at-15.39.13-1.jpeg\"><img class=\"alignnone size-large wp-image-3368\" src=\"https:\/\/wp.ufpel.edu.br\/famed\/files\/2023\/05\/WhatsApp-Image-2023-05-12-at-15.39.13-1-768x1024.jpeg\" alt=\"\" width=\"768\" height=\"1024\" srcset=\"https:\/\/wp.ufpel.edu.br\/famed\/files\/2023\/05\/WhatsApp-Image-2023-05-12-at-15.39.13-1-768x1024.jpeg 768w, https:\/\/wp.ufpel.edu.br\/famed\/files\/2023\/05\/WhatsApp-Image-2023-05-12-at-15.39.13-1-300x400.jpeg 300w, https:\/\/wp.ufpel.edu.br\/famed\/files\/2023\/05\/WhatsApp-Image-2023-05-12-at-15.39.13-1.jpeg 960w\" sizes=\"(max-width: 768px) 100vw, 768px\" \/><\/a> <a href=\"https:\/\/wp.ufpel.edu.br\/famed\/files\/2023\/05\/WhatsApp-Image-2023-05-12-at-15.39.13-2.jpeg\"><img class=\"alignnone size-large wp-image-3369\" src=\"https:\/\/wp.ufpel.edu.br\/famed\/files\/2023\/05\/WhatsApp-Image-2023-05-12-at-15.39.13-2-768x1024.jpeg\" alt=\"\" width=\"768\" height=\"1024\" srcset=\"https:\/\/wp.ufpel.edu.br\/famed\/files\/2023\/05\/WhatsApp-Image-2023-05-12-at-15.39.13-2-768x1024.jpeg 768w, https:\/\/wp.ufpel.edu.br\/famed\/files\/2023\/05\/WhatsApp-Image-2023-05-12-at-15.39.13-2-300x400.jpeg 300w, https:\/\/wp.ufpel.edu.br\/famed\/files\/2023\/05\/WhatsApp-Image-2023-05-12-at-15.39.13-2.jpeg 960w\" sizes=\"(max-width: 768px) 100vw, 768px\" \/><\/a> <a href=\"https:\/\/wp.ufpel.edu.br\/famed\/files\/2023\/05\/WhatsApp-Image-2023-05-12-at-15.39.14.jpeg\"><img class=\"alignnone size-large wp-image-3370\" src=\"https:\/\/wp.ufpel.edu.br\/famed\/files\/2023\/05\/WhatsApp-Image-2023-05-12-at-15.39.14-768x1024.jpeg\" alt=\"\" width=\"768\" height=\"1024\" srcset=\"https:\/\/wp.ufpel.edu.br\/famed\/files\/2023\/05\/WhatsApp-Image-2023-05-12-at-15.39.14-768x1024.jpeg 768w, https:\/\/wp.ufpel.edu.br\/famed\/files\/2023\/05\/WhatsApp-Image-2023-05-12-at-15.39.14-300x400.jpeg 300w, https:\/\/wp.ufpel.edu.br\/famed\/files\/2023\/05\/WhatsApp-Image-2023-05-12-at-15.39.14.jpeg 960w\" sizes=\"(max-width: 768px) 100vw, 768px\" \/><\/a> <a href=\"https:\/\/wp.ufpel.edu.br\/famed\/files\/2023\/05\/WhatsApp-Image-2023-05-12-at-15.39.13.jpeg\"><img class=\"alignnone size-large wp-image-3371\" src=\"https:\/\/wp.ufpel.edu.br\/famed\/files\/2023\/05\/WhatsApp-Image-2023-05-12-at-15.39.13-768x1024.jpeg\" alt=\"\" width=\"768\" height=\"1024\" srcset=\"https:\/\/wp.ufpel.edu.br\/famed\/files\/2023\/05\/WhatsApp-Image-2023-05-12-at-15.39.13-768x1024.jpeg 768w, https:\/\/wp.ufpel.edu.br\/famed\/files\/2023\/05\/WhatsApp-Image-2023-05-12-at-15.39.13-300x400.jpeg 300w, https:\/\/wp.ufpel.edu.br\/famed\/files\/2023\/05\/WhatsApp-Image-2023-05-12-at-15.39.13.jpeg 960w\" sizes=\"(max-width: 768px) 100vw, 768px\" \/><\/a> <a href=\"https:\/\/wp.ufpel.edu.br\/famed\/files\/2023\/05\/WhatsApp-Image-2023-05-12-at-15.39.11.jpeg\"><img class=\"alignnone size-large wp-image-3372\" src=\"https:\/\/wp.ufpel.edu.br\/famed\/files\/2023\/05\/WhatsApp-Image-2023-05-12-at-15.39.11-1024x768.jpeg\" alt=\"\" width=\"1024\" height=\"768\" srcset=\"https:\/\/wp.ufpel.edu.br\/famed\/files\/2023\/05\/WhatsApp-Image-2023-05-12-at-15.39.11-1024x768.jpeg 1024w, https:\/\/wp.ufpel.edu.br\/famed\/files\/2023\/05\/WhatsApp-Image-2023-05-12-at-15.39.11-400x300.jpeg 400w, https:\/\/wp.ufpel.edu.br\/famed\/files\/2023\/05\/WhatsApp-Image-2023-05-12-at-15.39.11-768x576.jpeg 768w, https:\/\/wp.ufpel.edu.br\/famed\/files\/2023\/05\/WhatsApp-Image-2023-05-12-at-15.39.11.jpeg 1280w\" sizes=\"(max-width: 1024px) 100vw, 1024px\" \/><\/a><a href=\"https:\/\/wp.ufpel.edu.br\/famed\/files\/2023\/05\/WhatsApp-Image-2023-05-12-at-15.39.12.jpeg\"><img class=\"alignnone size-large wp-image-3373\" src=\"https:\/\/wp.ufpel.edu.br\/famed\/files\/2023\/05\/WhatsApp-Image-2023-05-12-at-15.39.12-1024x768.jpeg\" alt=\"\" width=\"1024\" height=\"768\" srcset=\"https:\/\/wp.ufpel.edu.br\/famed\/files\/2023\/05\/WhatsApp-Image-2023-05-12-at-15.39.12-1024x768.jpeg 1024w, https:\/\/wp.ufpel.edu.br\/famed\/files\/2023\/05\/WhatsApp-Image-2023-05-12-at-15.39.12-400x300.jpeg 400w, https:\/\/wp.ufpel.edu.br\/famed\/files\/2023\/05\/WhatsApp-Image-2023-05-12-at-15.39.12-768x576.jpeg 768w, https:\/\/wp.ufpel.edu.br\/famed\/files\/2023\/05\/WhatsApp-Image-2023-05-12-at-15.39.12.jpeg 1280w\" sizes=\"(max-width: 1024px) 100vw, 1024px\" \/><\/a><\/p>\n","protected":false},"excerpt":{"rendered":"<p>O Ambulat\u00f3rio Central da Faculdade de Medicina da UFPel celebrou hoje o Dia da Enfermagem, 12 de maio, e o dia do Assistente Social comemorado na segunda-feira, 15 de maio. Com a participa\u00e7\u00e3o dos profissionais dos Ambulat\u00f3rios da FAMED e das 3 UBSs, foi realizada palestra pela psic\u00f3loga Angelica, atividades com as educadoras f\u00edsicas Eliana [&hellip;]<\/p>\n","protected":false},"author":166,"featured_media":0,"comment_status":"closed","ping_status":"closed","sticky":false,"template":"","format":"standard","meta":{"jetpack_post_was_ever_published":false,"_jetpack_newsletter_access":"","_jetpack_dont_email_post_to_subs":false,"_jetpack_newsletter_tier_id":0,"_jetpack_memberships_contains_paywalled_content":false,"_jetpack_memberships_contains_paid_content":false,"footnotes":"","jetpack_publicize_message":"","jetpack_publicize_feature_enabled":true,"jetpack_social_post_already_shared":true,"jetpack_social_options":{"image_generator_settings":{"template":"highway","default_image_id":0,"font":"","enabled":false},"version":2}},"categories":[18],"tags":[],"class_list":["post-3365","post","type-post","status-publish","format-standard","hentry","category-noticias"],"jetpack_publicize_connections":[],"jetpack_featured_media_url":"","jetpack_sharing_enabled":true,"jetpack_shortlink":"https:\/\/wp.me\/p8YhqL-Sh","_links":{"self":[{"href":"https:\/\/wp.ufpel.edu.br\/famed\/wp-json\/wp\/v2\/posts\/3365","targetHints":{"allow":["GET"]}}],"collection":[{"href":"https:\/\/wp.ufpel.edu.br\/famed\/wp-json\/wp\/v2\/posts"}],"about":[{"href":"https:\/\/wp.ufpel.edu.br\/famed\/wp-json\/wp\/v2\/types\/post"}],"author":[{"embeddable":true,"href":"https:\/\/wp.ufpel.edu.br\/famed\/wp-json\/wp\/v2\/users\/166"}],"replies":[{"embeddable":true,"href":"https:\/\/wp.ufpel.edu.br\/famed\/wp-json\/wp\/v2\/comments?post=3365"}],"version-history":[{"count":1,"href":"https:\/\/wp.ufpel.edu.br\/famed\/wp-json\/wp\/v2\/posts\/3365\/revisions"}],"predecessor-version":[{"id":3374,"href":"https:\/\/wp.ufpel.edu.br\/famed\/wp-json\/wp\/v2\/posts\/3365\/revisions\/3374"}],"wp:attachment":[{"href":"https:\/\/wp.ufpel.edu.br\/famed\/wp-json\/wp\/v2\/media?parent=3365"}],"wp:term":[{"taxonomy":"category","embeddable":true,"href":"https:\/\/wp.ufpel.edu.br\/famed\/wp-json\/wp\/v2\/categories?post=3365"},{"taxonomy":"post_tag","embeddable":true,"href":"https:\/\/wp.ufpel.edu.br\/famed\/wp-json\/wp\/v2\/tags?post=3365"}],"curies":[{"name":"wp","href":"https:\/\/api.w.org\/{rel}","templated":true}]}}