{"id":3339,"date":"2023-04-25T16:43:06","date_gmt":"2023-04-25T19:43:06","guid":{"rendered":"https:\/\/wp.ufpel.edu.br\/famed\/?p=3339"},"modified":"2023-04-25T16:43:30","modified_gmt":"2023-04-25T19:43:30","slug":"3339","status":"publish","type":"post","link":"https:\/\/wp.ufpel.edu.br\/famed\/2023\/04\/25\/3339\/","title":{"rendered":"Faculdade de Medicina completa 60 anos"},"content":{"rendered":"<p><img class=\"wp-image-118542 size-medium alignleft\" src=\"https:\/\/ccs2.ufpel.edu.br\/wp\/wp-content\/uploads\/2023\/04\/339525002_180460108123577_6630842983382868929_n-400x258.jpg\" sizes=\"(max-width: 400px) 100vw, 400px\" srcset=\"https:\/\/ccs2.ufpel.edu.br\/wp\/wp-content\/uploads\/2023\/04\/339525002_180460108123577_6630842983382868929_n-400x258.jpg 400w, https:\/\/ccs2.ufpel.edu.br\/wp\/wp-content\/uploads\/2023\/04\/339525002_180460108123577_6630842983382868929_n-1024x660.jpg 1024w, https:\/\/ccs2.ufpel.edu.br\/wp\/wp-content\/uploads\/2023\/04\/339525002_180460108123577_6630842983382868929_n-768x495.jpg 768w, https:\/\/ccs2.ufpel.edu.br\/wp\/wp-content\/uploads\/2023\/04\/339525002_180460108123577_6630842983382868929_n-1536x990.jpg 1536w, https:\/\/ccs2.ufpel.edu.br\/wp\/wp-content\/uploads\/2023\/04\/339525002_180460108123577_6630842983382868929_n.jpg 2048w\" alt=\"\" width=\"400\" height=\"258\" data-attachment-id=\"118542\" data-permalink=\"https:\/\/ccs2.ufpel.edu.br\/wp\/2023\/04\/24\/faculdade-de-medicina-completa-60-anos\/339525002_180460108123577_6630842983382868929_n\/\" data-orig-file=\"https:\/\/ccs2.ufpel.edu.br\/wp\/wp-content\/uploads\/2023\/04\/339525002_180460108123577_6630842983382868929_n.jpg\" data-orig-size=\"2048,1320\" data-comments-opened=\"0\" data-image-meta=\"{&quot;aperture&quot;:&quot;0&quot;,&quot;credit&quot;:&quot;&quot;,&quot;camera&quot;:&quot;&quot;,&quot;caption&quot;:&quot;&quot;,&quot;created_timestamp&quot;:&quot;0&quot;,&quot;copyright&quot;:&quot;&quot;,&quot;focal_length&quot;:&quot;0&quot;,&quot;iso&quot;:&quot;0&quot;,&quot;shutter_speed&quot;:&quot;0&quot;,&quot;title&quot;:&quot;&quot;,&quot;orientation&quot;:&quot;0&quot;}\" data-image-title=\"339525002_180460108123577_6630842983382868929_n\" data-image-description=\"\" data-image-caption=\"\" data-medium-file=\"https:\/\/ccs2.ufpel.edu.br\/wp\/wp-content\/uploads\/2023\/04\/339525002_180460108123577_6630842983382868929_n-400x258.jpg\" data-large-file=\"https:\/\/ccs2.ufpel.edu.br\/wp\/wp-content\/uploads\/2023\/04\/339525002_180460108123577_6630842983382868929_n-1024x660.jpg\" \/>A Faculdade de Medicina (Famed) da Universidade Federal de Pelotas (UFPel), conhecida como Leiga, completou 60 anos de funda\u00e7\u00e3o no dia 3 de abril. Para marcar a data, a dire\u00e7\u00e3o da Unidade, com apoio de egressos, est\u00e1 promovendo uma s\u00e9rie de atividades. A Famed formou mais de 6 mil m\u00e9dicos e, atualmente, conta tamb\u00e9m com os cursos de Psicologia e Terapia Ocupacional.<\/p>\n<p>Em junho de 2022 foi realizado um encontro com o prop\u00f3sito de unir for\u00e7as para a realiza\u00e7\u00e3o de a\u00e7\u00f5es em prol da Famed. Entre as atividades propostas, j\u00e1 foram realizadas confraterniza\u00e7\u00f5es, uma semana acad\u00eamica com o tema dos 60 anos e o ato institucional de celebra\u00e7\u00e3o do anivers\u00e1rio que ocorreu no dia 3 de abril.<\/p>\n<p><img class=\"wp-image-118539 size-medium alignleft\" src=\"https:\/\/ccs2.ufpel.edu.br\/wp\/wp-content\/uploads\/2023\/04\/60_anos_FAMED_03_04_23-25-1-400x266.jpg\" sizes=\"(max-width: 400px) 100vw, 400px\" srcset=\"https:\/\/ccs2.ufpel.edu.br\/wp\/wp-content\/uploads\/2023\/04\/60_anos_FAMED_03_04_23-25-1-400x266.jpg 400w, https:\/\/ccs2.ufpel.edu.br\/wp\/wp-content\/uploads\/2023\/04\/60_anos_FAMED_03_04_23-25-1-1024x680.jpg 1024w, https:\/\/ccs2.ufpel.edu.br\/wp\/wp-content\/uploads\/2023\/04\/60_anos_FAMED_03_04_23-25-1-768x510.jpg 768w, https:\/\/ccs2.ufpel.edu.br\/wp\/wp-content\/uploads\/2023\/04\/60_anos_FAMED_03_04_23-25-1-1536x1020.jpg 1536w, https:\/\/ccs2.ufpel.edu.br\/wp\/wp-content\/uploads\/2023\/04\/60_anos_FAMED_03_04_23-25-1.jpg 1980w\" alt=\"\" width=\"400\" height=\"266\" data-attachment-id=\"118539\" data-permalink=\"https:\/\/ccs2.ufpel.edu.br\/wp\/2023\/04\/24\/faculdade-de-medicina-completa-60-anos\/60_anos_famed_03_04_23-25-2\/\" data-orig-file=\"https:\/\/ccs2.ufpel.edu.br\/wp\/wp-content\/uploads\/2023\/04\/60_anos_FAMED_03_04_23-25-1.jpg\" data-orig-size=\"1980,1315\" data-comments-opened=\"0\" data-image-meta=\"{&quot;aperture&quot;:&quot;3.5&quot;,&quot;credit&quot;:&quot;&quot;,&quot;camera&quot;:&quot;NIKON D90&quot;,&quot;caption&quot;:&quot;&quot;,&quot;created_timestamp&quot;:&quot;1680552972&quot;,&quot;copyright&quot;:&quot;&quot;,&quot;focal_length&quot;:&quot;18&quot;,&quot;iso&quot;:&quot;2000&quot;,&quot;shutter_speed&quot;:&quot;0.0125&quot;,&quot;title&quot;:&quot;&quot;,&quot;orientation&quot;:&quot;0&quot;}\" data-image-title=\"60_anos_FAMED_03_04_23 (25)\" data-image-description=\"\" data-image-caption=\"\" data-medium-file=\"https:\/\/ccs2.ufpel.edu.br\/wp\/wp-content\/uploads\/2023\/04\/60_anos_FAMED_03_04_23-25-1-400x266.jpg\" data-large-file=\"https:\/\/ccs2.ufpel.edu.br\/wp\/wp-content\/uploads\/2023\/04\/60_anos_FAMED_03_04_23-25-1-1024x680.jpg\" \/><\/p>\n<p>De acordo com a diretora da Unidade, Julieta Fripp, uma das sugest\u00f5es do grupo, foi a revitaliza\u00e7\u00e3o do pr\u00e9dio hist\u00f3rico localizado da Avenida Duque de Caxias, constru\u00eddo entre 1908 e 1913. \u201cO pr\u00e9dio traz um contexto afetivo para a comunidade da Famed. A comunidade tem feito doa\u00e7\u00f5es para a revitaliza\u00e7\u00e3o do pr\u00e9dio, j\u00e1 conseguimos realizar a pintura da fachada e a revitaliza\u00e7\u00e3o das janelas\u201d, disse.<\/p>\n<p>No \u00faltimo s\u00e1bado (22), foi realizado um encontro da comunidade no pr\u00e9dio revitalizado e um baile festivo em comemora\u00e7\u00e3o aos 60 anos da Famed, no Clube Caixeral.<\/p>\n<p>De acordo com Julieta, as atividades buscam fortalecer a imagem da Famed como um espa\u00e7o de forma\u00e7\u00e3o baseado em pesquisa, ensino e extens\u00e3o. \u201cTemos no plano diretor da Unidade, o fortalecimento da interdisciplinaridade envolvendo os tr\u00eas cursos, com a cria\u00e7\u00e3o de um mestrado. Al\u00e9m disso, priorizamos o acolhimento da nossa comunidade, s\u00e3o cerca de mil estudantes de diversas regi\u00f5es do pa\u00eds, sendo que 50% s\u00e3o cotistas. Temos responsabilidade de cuidar desses estudantes\u201d, finalizou.<\/p>\n<p><strong>Livro<\/strong><\/p>\n<p>Um livro sobre os 60 anos da Leiga est\u00e1 sendo produzido pelo N\u00facleo de Documenta\u00e7\u00e3o Hist\u00f3rica Beatriz Loner (NDH) do Instituto de Ci\u00eancias Humanas da UFPel, com a coordena\u00e7\u00e3o da professora Lorena Almeida Gill. A proposta foi apresentada pela professora no encontro realizado no pr\u00e9dio da Famed, no \u00faltimo s\u00e1bado (22) e deve ser publicada ainda em 2023.<\/p>\n<p><img class=\"size-medium wp-image-118534 alignleft\" src=\"https:\/\/ccs2.ufpel.edu.br\/wp\/wp-content\/uploads\/2023\/04\/342647396_631167575497147_6428497659396618546_n-400x400.jpg\" sizes=\"(max-width: 400px) 100vw, 400px\" srcset=\"https:\/\/ccs2.ufpel.edu.br\/wp\/wp-content\/uploads\/2023\/04\/342647396_631167575497147_6428497659396618546_n-400x400.jpg 400w, https:\/\/ccs2.ufpel.edu.br\/wp\/wp-content\/uploads\/2023\/04\/342647396_631167575497147_6428497659396618546_n-1024x1024.jpg 1024w, https:\/\/ccs2.ufpel.edu.br\/wp\/wp-content\/uploads\/2023\/04\/342647396_631167575497147_6428497659396618546_n-200x200.jpg 200w, https:\/\/ccs2.ufpel.edu.br\/wp\/wp-content\/uploads\/2023\/04\/342647396_631167575497147_6428497659396618546_n-768x768.jpg 768w, https:\/\/ccs2.ufpel.edu.br\/wp\/wp-content\/uploads\/2023\/04\/342647396_631167575497147_6428497659396618546_n.jpg 1080w\" alt=\"\" width=\"400\" height=\"400\" data-attachment-id=\"118534\" data-permalink=\"https:\/\/ccs2.ufpel.edu.br\/wp\/2023\/04\/24\/faculdade-de-medicina-completa-60-anos\/342647396_631167575497147_6428497659396618546_n\/\" data-orig-file=\"https:\/\/ccs2.ufpel.edu.br\/wp\/wp-content\/uploads\/2023\/04\/342647396_631167575497147_6428497659396618546_n.jpg\" data-orig-size=\"1080,1080\" data-comments-opened=\"0\" data-image-meta=\"{&quot;aperture&quot;:&quot;0&quot;,&quot;credit&quot;:&quot;&quot;,&quot;camera&quot;:&quot;&quot;,&quot;caption&quot;:&quot;&quot;,&quot;created_timestamp&quot;:&quot;0&quot;,&quot;copyright&quot;:&quot;&quot;,&quot;focal_length&quot;:&quot;0&quot;,&quot;iso&quot;:&quot;0&quot;,&quot;shutter_speed&quot;:&quot;0&quot;,&quot;title&quot;:&quot;&quot;,&quot;orientation&quot;:&quot;0&quot;}\" data-image-title=\"342647396_631167575497147_6428497659396618546_n\" data-image-description=\"\" data-image-caption=\"\" data-medium-file=\"https:\/\/ccs2.ufpel.edu.br\/wp\/wp-content\/uploads\/2023\/04\/342647396_631167575497147_6428497659396618546_n-400x400.jpg\" data-large-file=\"https:\/\/ccs2.ufpel.edu.br\/wp\/wp-content\/uploads\/2023\/04\/342647396_631167575497147_6428497659396618546_n-1024x1024.jpg\" \/>De acordo com Lorena, durante a pandemia, o NDH foi chamado \u00e0 Famed para verificar a situa\u00e7\u00e3o de alguns documentos que existiam desde a funda\u00e7\u00e3o. \u201cOs documentos encontrados, desde os \u00faltimos anos da d\u00e9cada de 1950, foram recolhidos, higienizados e digitalizados. Hoje est\u00e3o dispon\u00edveis no site do NDH para que todas as pessoas interessadas possam acess\u00e1-los\u201d, disse. O material pode ser encontrado no link: https:\/\/wp.ufpel.edu.br\/acervosdocumentaisndh\/faculdade-de-medicina\/)<\/p>\n<p>Foi a partir desse contato que surgiu o convite para a feitura do livro dos 60 anos. A obra, que est\u00e1 sendo escrita por Lorena, ser\u00e1 composta por seis cap\u00edtulos: os prim\u00f3rdios de debates sobre a funda\u00e7\u00e3o at\u00e9 a federaliza\u00e7\u00e3o, no ano de 1978; os chamados primeiros tempos, que envolvem uma discuss\u00e3o sobre a turma de 1963, as dificuldades, a trajet\u00f3ria das primeiras quatro m\u00e9dicas formadas, a luta por melhores condi\u00e7\u00f5es infraestruturais, os ambulat\u00f3rios e departamentos pioneiros; um terceiro cap\u00edtulo sobre uma Medicina mais inclusiva em que se debater\u00e1 cotas e a trajet\u00f3ria do primeiro ind\u00edgena e quilombola formados; um cap\u00edtulo sobre a Medicina de hoje, apontando o reconhecimento nacional e internacional obtido a partir do trabalho dos que iniciaram. Ser\u00e1 dado enfoque \u00e0 epidemiologia, \u00e0 cuidativa e aos novos cursos que se juntaram \u00e0 Famed, Psicologia e Terapia Ocupacional; o quinto cap\u00edtulo \u00e9 intitulado cartas \u00e0 Leiga, que foi um convite feito \u00e0queles egressos e egressas que t\u00eam interesse de contar suas trajet\u00f3rias na Famed e, em \u00faltimo cap\u00edtulo, ser\u00e1 publicado um texto escrito pelo fundador, Dr. Naum Keiserman.<\/p>\n<p>Para Lorena, n\u00e3o \u00e9 um livro f\u00e1cil de ser escrito por v\u00e1rios motivos. \u201c\u00c9 um material comemorativo e eu sou uma professora de Hist\u00f3ria, ent\u00e3o como nem tudo ser\u00e3o flores, pois na hist\u00f3ria da humanidade h\u00e1 embates, que fazem com que a situa\u00e7\u00e3o se altere, isso precisa ser contado. Al\u00e9m disso, h\u00e1 um volume documental excepcional e, com o pouco tempo de escrita, n\u00e3o conseguirei abarcar tudo que temos, como as atas do Consun, atas do Cocepe, not\u00edcias de jornais da \u00e9poca, al\u00e9m de todas as narrativas constru\u00eddas\u201d, explicou.<\/p>\n<p>Ao todo, foram entrevistadas 48 pessoas, em 63 encontros diferentes. \u201cCom certeza ter\u00edamos mais pessoas que poderiam e deveriam ser entrevistadas, mas n\u00e3o havia mais tempo. Tenho a convic\u00e7\u00e3o, no entanto, que ser\u00e1 um livro muito bonito, que procurar\u00e1 contar um pouco do que viveram nesta casa\u201d, finalizou.<\/p>\n<p><strong>Hist\u00f3ria<\/strong><\/p>\n<p>No dia 3 de abril de 1963 foi assinado o Decreto de autoriza\u00e7\u00e3o de funcionamento da Faculdade de Medicina pelo Minist\u00e9rio da Educa\u00e7\u00e3o e Cultura que foi publicado no Di\u00e1rio Oficial.<\/p>\n<p>Apesar da data ser utilizada como a data de cria\u00e7\u00e3o da Leiga, a hist\u00f3ria da Faculdade de Medicina remonta ao ano de 1953, quando Franklin Oliv\u00e9 Leite sugeriu a sua cria\u00e7\u00e3o durante uma reuni\u00e3o da Sociedade de Medicina de Pelotas. No ano seguinte, foi fundada a Institui\u00e7\u00e3o Pr\u00f3-Ensino Superior no Sul do Estado (IPESSE) com o objetivo de instalar uma Faculdade de Medicina. Em 1955, o IPESSE ganhou sede pr\u00f3pria com a doa\u00e7\u00e3o do pr\u00e9dio do Instituto de Higiene Borges de Medeiros por parte do prefeito Mario David Meneguetti.<\/p>\n<div id=\"attachment_118535\" class=\"wp-caption alignnone\">\n<p><img class=\"wp-image-118535 size-thumbnail\" src=\"https:\/\/ccs2.ufpel.edu.br\/wp\/wp-content\/uploads\/2023\/04\/upinside-2eeff2bee17255145eec6bbb4c6922aa2-200x200.jpg\" alt=\"\" width=\"200\" height=\"200\" aria-describedby=\"caption-attachment-118535\" data-attachment-id=\"118535\" data-permalink=\"https:\/\/ccs2.ufpel.edu.br\/wp\/2023\/04\/24\/faculdade-de-medicina-completa-60-anos\/upinside-2eeff2bee17255145eec6bbb4c6922aa2\/\" data-orig-file=\"https:\/\/ccs2.ufpel.edu.br\/wp\/wp-content\/uploads\/2023\/04\/upinside-2eeff2bee17255145eec6bbb4c6922aa2.jpg\" data-orig-size=\"650,822\" data-comments-opened=\"0\" data-image-meta=\"{&quot;aperture&quot;:&quot;0&quot;,&quot;credit&quot;:&quot;&quot;,&quot;camera&quot;:&quot;&quot;,&quot;caption&quot;:&quot;&quot;,&quot;created_timestamp&quot;:&quot;0&quot;,&quot;copyright&quot;:&quot;&quot;,&quot;focal_length&quot;:&quot;0&quot;,&quot;iso&quot;:&quot;0&quot;,&quot;shutter_speed&quot;:&quot;0&quot;,&quot;title&quot;:&quot;&quot;,&quot;orientation&quot;:&quot;0&quot;}\" data-image-title=\"upinside-2eeff2bee17255145eec6bbb4c6922aa2\" data-image-description=\"\" data-image-caption=\"\" data-medium-file=\"https:\/\/ccs2.ufpel.edu.br\/wp\/wp-content\/uploads\/2023\/04\/upinside-2eeff2bee17255145eec6bbb4c6922aa2-316x400.jpg\" data-large-file=\"https:\/\/ccs2.ufpel.edu.br\/wp\/wp-content\/uploads\/2023\/04\/upinside-2eeff2bee17255145eec6bbb4c6922aa2.jpg\" \/><\/p>\n<p id=\"caption-attachment-118535\" class=\"wp-caption-text\">Professor Naum Keisermann<\/p>\n<\/div>\n<p>Contudo, o movimento de cria\u00e7\u00e3o perde sua for\u00e7a e o tema volta \u00e0 tona somente depois da sinaliza\u00e7\u00e3o da vontade do bispo Dom Ant\u00f4nio Zattera de criar uma Faculdade Cat\u00f3lica de Medicina. Segundo aquele que \u00e9 considerado o fundador, que defendia a cria\u00e7\u00e3o de uma faculdade Leiga e n\u00e3o cat\u00f3lica, Naum Keisermann, em artigo de 1992, a cria\u00e7\u00e3o de uma faculdade laica possibilitaria a sua posterior federaliza\u00e7\u00e3o, o que aconteceu formalmente em 1978.<\/p>\n<div id=\"attachment_118536\" class=\"wp-caption alignnone\">\n<p><img class=\"wp-image-118536 size-thumbnail\" src=\"https:\/\/ccs2.ufpel.edu.br\/wp\/wp-content\/uploads\/2023\/04\/declaracao-de-fundacao-200x200.jpg\" alt=\"\" width=\"200\" height=\"200\" aria-describedby=\"caption-attachment-118536\" data-attachment-id=\"118536\" data-permalink=\"https:\/\/ccs2.ufpel.edu.br\/wp\/2023\/04\/24\/faculdade-de-medicina-completa-60-anos\/declaracao-de-fundacao\/\" data-orig-file=\"https:\/\/ccs2.ufpel.edu.br\/wp\/wp-content\/uploads\/2023\/04\/declaracao-de-fundacao.jpg\" data-orig-size=\"741,1024\" data-comments-opened=\"0\" data-image-meta=\"{&quot;aperture&quot;:&quot;2.8&quot;,&quot;credit&quot;:&quot;&quot;,&quot;camera&quot;:&quot;DSC-W120&quot;,&quot;caption&quot;:&quot;&quot;,&quot;created_timestamp&quot;:&quot;1364897594&quot;,&quot;copyright&quot;:&quot;&quot;,&quot;focal_length&quot;:&quot;5.35&quot;,&quot;iso&quot;:&quot;200&quot;,&quot;shutter_speed&quot;:&quot;0.025&quot;,&quot;title&quot;:&quot;&quot;,&quot;orientation&quot;:&quot;0&quot;}\" data-image-title=\"declaracao-de-fundacao\" data-image-description=\"\" data-image-caption=\"\" data-medium-file=\"https:\/\/ccs2.ufpel.edu.br\/wp\/wp-content\/uploads\/2023\/04\/declaracao-de-fundacao-289x400.jpg\" data-large-file=\"https:\/\/ccs2.ufpel.edu.br\/wp\/wp-content\/uploads\/2023\/04\/declaracao-de-fundacao.jpg\" \/><\/p>\n<p id=\"caption-attachment-118536\" class=\"wp-caption-text\">Declara\u00e7\u00e3o de Funda\u00e7\u00e3o<\/p>\n<\/div>\n<p>Em novembro de 1959, na Biblioteca P\u00fablica de Pelotas, foi declarada a funda\u00e7\u00e3o da Faculdade de Medicina de Pelotas, com a presen\u00e7a do governador Leonel Brizola, do reitor da UFRGS, Eliseu Paglioli, e do secret\u00e1rio da Educa\u00e7\u00e3o, Mariano Beck. Em 15 de abril de 1962 uma portaria do presidente do IPESSE nomeou Naum Keiserman o primeiro diretor da Leiga, j\u00e1 que seu empenho e dedica\u00e7\u00e3o durante uma d\u00e9cada foram fundamentais para a cria\u00e7\u00e3o da Faculdade.<\/p>\n<div id=\"attachment_118537\" class=\"wp-caption alignnone\">\n<p><img class=\"wp-image-118537 size-thumbnail\" src=\"https:\/\/ccs2.ufpel.edu.br\/wp\/wp-content\/uploads\/2023\/04\/decreto-1-200x200.jpg\" alt=\"\" width=\"200\" height=\"200\" aria-describedby=\"caption-attachment-118537\" data-attachment-id=\"118537\" data-permalink=\"https:\/\/ccs2.ufpel.edu.br\/wp\/2023\/04\/24\/faculdade-de-medicina-completa-60-anos\/decreto-1\/\" data-orig-file=\"https:\/\/ccs2.ufpel.edu.br\/wp\/wp-content\/uploads\/2023\/04\/decreto-1.jpg\" data-orig-size=\"808,1155\" data-comments-opened=\"0\" data-image-meta=\"{&quot;aperture&quot;:&quot;0&quot;,&quot;credit&quot;:&quot;Silvana&quot;,&quot;camera&quot;:&quot;&quot;,&quot;caption&quot;:&quot;&quot;,&quot;created_timestamp&quot;:&quot;1364919390&quot;,&quot;copyright&quot;:&quot;&quot;,&quot;focal_length&quot;:&quot;0&quot;,&quot;iso&quot;:&quot;0&quot;,&quot;shutter_speed&quot;:&quot;0&quot;,&quot;title&quot;:&quot;&quot;,&quot;orientation&quot;:&quot;0&quot;}\" data-image-title=\"decreto-1\" data-image-description=\"\" data-image-caption=\"\" data-medium-file=\"https:\/\/ccs2.ufpel.edu.br\/wp\/wp-content\/uploads\/2023\/04\/decreto-1-280x400.jpg\" data-large-file=\"https:\/\/ccs2.ufpel.edu.br\/wp\/wp-content\/uploads\/2023\/04\/decreto-1-716x1024.jpg\" \/><\/p>\n<p id=\"caption-attachment-118537\" class=\"wp-caption-text\">Decreto 51.884 de 3 de abril de 1963<\/p>\n<\/div>\n<p>Ap\u00f3s toda a luta e trabalho da Sociedade de Medicina, no dia 3 de abril de 1963, o presidente Jo\u00e3o Goulart assinou o decreto de autoriza\u00e7\u00e3o de funcionamento e, no dia 11 de maio, o professor Cl\u00f3vis Salgado proferiu a aula inaugural do curso. Em anos anteriores, quando foi Ministro da Educa\u00e7\u00e3o, Cl\u00f3vis trabalhou para que a leiga se constru\u00edsse.<\/p>\n<p>Desde ent\u00e3o, a Leiga est\u00e1 inserida nas comunidades local e regional prestando servi\u00e7os de forma ininterrupta e gratuita. Na sede da Faculdade, situada no bairro Fragata, funcionam os setores administrativos e pedag\u00f3gicos e as atividades de ensino, pesquisa, extens\u00e3o e assist\u00eancia. No mesmo local funciona o Ambulat\u00f3rio Central que atende v\u00e1rias especialidades. A Faculdade disp\u00f5e ainda de cinco unidades b\u00e1sicas de sa\u00fade (UBS), quatro delas s\u00e3o da UFPel, Vila Municipal, Areal Leste, Centro Social e Urbano e Cap\u00e3o do Le\u00e3o e uma delas trata-se de um conv\u00eanio UFPel-Secretaria Municipal de Sa\u00fade, para o funcionamento da UBS Obelisco.\u00a0 Nestes locais, os alunos desenvolvem atividades pr\u00e1ticas, privilegiando as necessidades da popula\u00e7\u00e3o.<\/p>\n<p>O Hospital-Escola (HE) da UFPel desempenha um papel fundamental para a aquisi\u00e7\u00e3o dos conhecimentos pr\u00e1ticos e atende 22 munic\u00edpios da regi\u00e3o. A unidade, que atende exclusivamente pelo SUS, disp\u00f5e de tecnologias modernas para diagn\u00f3stico e tratamento, dando \u00eanfase ao atendimento humanizado do paciente e contando com uma for\u00e7a de trabalho multiprofissional. O HE foi pioneiro na UTI Pedi\u00e1trica e Neonatal e, atualmente, conta com uma linha de cuidado \u00e0 sa\u00fade materno-infantil, incluindo obstetr\u00edcia de alto risco, UTI neonatal tipo II, unidade semi-intensiva convencional e aten\u00e7\u00e3o ambulatorial aos neonatos egressos do hospital. Possui servi\u00e7os de refer\u00eancia com destaque para a alta complexidade em oncologia (UNACON) e um Centro de Refer\u00eancia para pacientes com HIV. Al\u00e9m disso, o HE UFPel \u00e9 um dos pioneiros em aten\u00e7\u00e3o domiciliar, com o Programa de Interna\u00e7\u00e3o Domiciliar Interdisciplinar (PIDI), que trata exclusivamente de pacientes com c\u00e2ncer e o Programa Melhor em Casa que trata de pacientes com outras doen\u00e7as, ambos modelos para todo o Brasil. A aten\u00e7\u00e3o domiciliar \u00e9 pol\u00edtica estrat\u00e9gica para o munic\u00edpio, altamente impactante em indicadores como desospitaliza\u00e7\u00e3o e humaniza\u00e7\u00e3o, atendendo cerca de 150 pacientes ao m\u00eas<\/p>\n<p>No campo da p\u00f3s-gradua\u00e7\u00e3o, a Faculdade conta com resid\u00eancias m\u00e9dicas em v\u00e1rias especialidades. O programa de p\u00f3s-gradua\u00e7\u00e3o em Epidemiologia que possui o Centro de Pesquisas Epidemiol\u00f3gicas (CPE), com seus cursos de mestrado e doutorado, \u00e9 considerado refer\u00eancia nacional e internacional nos estudos em sa\u00fade do ciclo da vida. O CPE \u00e9 formado por um grupo de excel\u00eancia em pesquisa que se dedica principalmente \u00e0 investiga\u00e7\u00e3o da influ\u00eancia dos fatores inerentes ao per\u00edodo do nascimento e dos primeiros anos de vida sobre a sa\u00fade do indiv\u00edduo durante toda a sua exist\u00eancia. Entre as pesquisas desenvolvidas no Centro, est\u00e1 o Estudo das Curvas de Crescimento da Organiza\u00e7\u00e3o Mundial, um instrumento internacional de refer\u00eancia do crescimento de crian\u00e7as com at\u00e9 cinco anos de idade, adotado hoje em mais de 140 pa\u00edses.<\/p>\n<p>Fonte: https:\/\/ccs2.ufpel.edu.br\/wp\/2023\/04\/24\/faculdade-de-medicina-completa-60-anos\/<\/p>\n","protected":false},"excerpt":{"rendered":"<p>A Faculdade de Medicina (Famed) da Universidade Federal de Pelotas (UFPel), conhecida como Leiga, completou 60 anos de funda\u00e7\u00e3o no dia 3 de abril. Para marcar a data, a dire\u00e7\u00e3o da Unidade, com apoio de egressos, est\u00e1 promovendo uma s\u00e9rie de atividades. A Famed formou mais de 6 mil m\u00e9dicos e, atualmente, conta tamb\u00e9m com [&hellip;]<\/p>\n","protected":false},"author":166,"featured_media":0,"comment_status":"closed","ping_status":"closed","sticky":false,"template":"","format":"standard","meta":{"jetpack_post_was_ever_published":false,"_jetpack_newsletter_access":"","_jetpack_dont_email_post_to_subs":false,"_jetpack_newsletter_tier_id":0,"_jetpack_memberships_contains_paywalled_content":false,"_jetpack_memberships_contains_paid_content":false,"footnotes":"","jetpack_publicize_message":"","jetpack_publicize_feature_enabled":true,"jetpack_social_post_already_shared":true,"jetpack_social_options":{"image_generator_settings":{"template":"highway","default_image_id":0,"font":"","enabled":false},"version":2}},"categories":[18],"tags":[],"class_list":["post-3339","post","type-post","status-publish","format-standard","hentry","category-noticias"],"jetpack_publicize_connections":[],"jetpack_featured_media_url":"","jetpack_sharing_enabled":true,"jetpack_shortlink":"https:\/\/wp.me\/s8YhqL-3339","_links":{"self":[{"href":"https:\/\/wp.ufpel.edu.br\/famed\/wp-json\/wp\/v2\/posts\/3339","targetHints":{"allow":["GET"]}}],"collection":[{"href":"https:\/\/wp.ufpel.edu.br\/famed\/wp-json\/wp\/v2\/posts"}],"about":[{"href":"https:\/\/wp.ufpel.edu.br\/famed\/wp-json\/wp\/v2\/types\/post"}],"author":[{"embeddable":true,"href":"https:\/\/wp.ufpel.edu.br\/famed\/wp-json\/wp\/v2\/users\/166"}],"replies":[{"embeddable":true,"href":"https:\/\/wp.ufpel.edu.br\/famed\/wp-json\/wp\/v2\/comments?post=3339"}],"version-history":[{"count":5,"href":"https:\/\/wp.ufpel.edu.br\/famed\/wp-json\/wp\/v2\/posts\/3339\/revisions"}],"predecessor-version":[{"id":3345,"href":"https:\/\/wp.ufpel.edu.br\/famed\/wp-json\/wp\/v2\/posts\/3339\/revisions\/3345"}],"wp:attachment":[{"href":"https:\/\/wp.ufpel.edu.br\/famed\/wp-json\/wp\/v2\/media?parent=3339"}],"wp:term":[{"taxonomy":"category","embeddable":true,"href":"https:\/\/wp.ufpel.edu.br\/famed\/wp-json\/wp\/v2\/categories?post=3339"},{"taxonomy":"post_tag","embeddable":true,"href":"https:\/\/wp.ufpel.edu.br\/famed\/wp-json\/wp\/v2\/tags?post=3339"}],"curies":[{"name":"wp","href":"https:\/\/api.w.org\/{rel}","templated":true}]}}