{"id":2869,"date":"2022-08-04T11:29:35","date_gmt":"2022-08-04T14:29:35","guid":{"rendered":"https:\/\/wp.ufpel.edu.br\/famed\/?p=2869"},"modified":"2022-08-04T11:29:35","modified_gmt":"2022-08-04T14:29:35","slug":"palestra-orienta-estudantes-da-ufpel-sobre-o-enade-2022","status":"publish","type":"post","link":"https:\/\/wp.ufpel.edu.br\/famed\/2022\/08\/04\/palestra-orienta-estudantes-da-ufpel-sobre-o-enade-2022\/","title":{"rendered":"Palestra orienta estudantes da UFPel sobre o ENADE 2022"},"content":{"rendered":"<p><img class=\"size-medium wp-image-112943 alignleft\" src=\"http:\/\/ccs2.ufpel.edu.br\/wp\/wp-content\/uploads\/2022\/08\/ENADE-2022-400x400.png\" sizes=\"(max-width: 400px) 100vw, 400px\" srcset=\"https:\/\/ccs2.ufpel.edu.br\/wp\/wp-content\/uploads\/2022\/08\/ENADE-2022-400x400.png 400w, https:\/\/ccs2.ufpel.edu.br\/wp\/wp-content\/uploads\/2022\/08\/ENADE-2022-1024x1024.png 1024w, https:\/\/ccs2.ufpel.edu.br\/wp\/wp-content\/uploads\/2022\/08\/ENADE-2022-200x200.png 200w, https:\/\/ccs2.ufpel.edu.br\/wp\/wp-content\/uploads\/2022\/08\/ENADE-2022-768x768.png 768w, https:\/\/ccs2.ufpel.edu.br\/wp\/wp-content\/uploads\/2022\/08\/ENADE-2022.png 1080w\" alt=\"\" width=\"400\" height=\"400\" data-attachment-id=\"112943\" data-permalink=\"https:\/\/ccs2.ufpel.edu.br\/wp\/2022\/08\/03\/palestra-orienta-estudantes-da-ufpel-sobre-o-enade-2022\/enade-2022\/\" data-orig-file=\"https:\/\/ccs2.ufpel.edu.br\/wp\/wp-content\/uploads\/2022\/08\/ENADE-2022.png\" data-orig-size=\"1080,1080\" data-comments-opened=\"0\" data-image-meta=\"{&quot;aperture&quot;:&quot;0&quot;,&quot;credit&quot;:&quot;&quot;,&quot;camera&quot;:&quot;&quot;,&quot;caption&quot;:&quot;&quot;,&quot;created_timestamp&quot;:&quot;0&quot;,&quot;copyright&quot;:&quot;&quot;,&quot;focal_length&quot;:&quot;0&quot;,&quot;iso&quot;:&quot;0&quot;,&quot;shutter_speed&quot;:&quot;0&quot;,&quot;title&quot;:&quot;&quot;,&quot;orientation&quot;:&quot;0&quot;}\" data-image-title=\"ENADE 2022\" data-image-description=\"\" data-image-caption=\"\" data-medium-file=\"https:\/\/ccs2.ufpel.edu.br\/wp\/wp-content\/uploads\/2022\/08\/ENADE-2022-400x400.png\" data-large-file=\"https:\/\/ccs2.ufpel.edu.br\/wp\/wp-content\/uploads\/2022\/08\/ENADE-2022-1024x1024.png\" \/><\/p>\n<p>O Curso de Gest\u00e3o P\u00fablica da Universidade Federal de Pelotas (UFPel), atrav\u00e9s do projeto Gest\u00e3o P\u00fablica em Foco, convida a todos para a palestra Enade 2022: orienta\u00e7\u00f5es gerais que ocorrer\u00e1 no dia 10 de agosto, \u00e0s 16h, com transmiss\u00e3o ao vivo pelo\u00a0<a href=\"https:\/\/www.youtube.com\/watch?v=0siLtu04SAA\">Canal do Centro de Ci\u00eancias Socio-organizacionais (CCSO) no Youtube<\/a>.<\/p>\n<p>A confer\u00eancia ser\u00e1 ministrada pela procuradora Educacional Institucional da UFPel, Paula de Oliveira Moitinho Rippel, tendo por objetivo informar a comunidade acad\u00eamica, especialmente alunos ingressantes e concluintes, sobre os procedimentos burocr\u00e1ticos do\u00a0<a href=\"http:\/\/enade.inep.gov.br\/\">Exame Nacional de Desempenho dos Estudantes (Enade)<\/a>, que ser\u00e1 aplicado este ano em diversos cursos da universidade.<\/p>\n<p>O evento \u00e9 gratuito e aberto a toda a comunidade. Os interessados devem, primeiramente, realizar sua inscri\u00e7\u00e3o como ouvinte do\u00a0<a href=\"http:\/\/www.even3.com.br\/gpf\">Projeto Unificado Gest\u00e3o P\u00fablica em Foco<\/a>\u00a0e, posteriormente, assinar a Ata de Presen\u00e7a que ser\u00e1 disponibilizada durante as transmiss\u00f5es. Ao final do evento, ser\u00e3o emitidos certificados para todos os participantes, com carga hor\u00e1ria de 2 horas por atividade.<\/p>\n<p><strong>Sobre o Enade<\/strong><\/p>\n<p>Os cursos de Administra\u00e7\u00e3o, Ci\u00eancias Econ\u00f4micas, Direito, Gastronomia, Gest\u00e3o P\u00fablica, Jornalismo, Processos Gerenciais, Psicologia, Rela\u00e7\u00f5es Internacionais e Turismo da Universidade Federal de Pelotas (UFPel) ser\u00e3o avaliados em 2022 pelo Exame Nacional de Desempenho dos Estudantes (Enade). A prova, requisito para conclus\u00e3o de curso, cola\u00e7\u00e3o de grau, expedi\u00e7\u00e3o e registro do diploma, integra o\u00a0<a href=\"http:\/\/portal.mec.gov.br\/component\/content\/270-programas-e-acoes-1921564125\/sinaes-2075672111\/12303-sistema-nacional-de-avaliacao-da-educacao-superior-sinaes\">Sistema Nacional de Avalia\u00e7\u00e3o da Educa\u00e7\u00e3o Superior (Sinaes)<\/a>, do Minist\u00e9rio da Educa\u00e7\u00e3o (MEC). A etapa de inscri\u00e7\u00e3o, de ingressantes e concluintes, sob responsabilidade das coordena\u00e7\u00f5es de curso, ser\u00e1 realizada de 6 de julho a 8 de agosto, com per\u00edodo de corre\u00e7\u00f5es de 9 a 31 de agosto.<\/p>\n<p>Saiba mais em:\u00a0<a href=\"https:\/\/ccs2.ufpel.edu.br\/wp\/2022\/06\/30\/dez-cursos-da-ufpel-serao-avaliados-no-enade-2022\/\">https:\/\/ccs2.ufpel.edu.br\/wp\/2022\/06\/30\/dez-cursos-da-ufpel-serao-avaliados-no-enade-2022\/<\/a><\/p>\n<p>Fonte: https:\/\/ccs2.ufpel.edu.br\/wp\/2022\/08\/03\/palestra-orienta-estudantes-da-ufpel-sobre-o-enade-2022\/<\/p>\n","protected":false},"excerpt":{"rendered":"<p>O Curso de Gest\u00e3o P\u00fablica da Universidade Federal de Pelotas (UFPel), atrav\u00e9s do projeto Gest\u00e3o P\u00fablica em Foco, convida a todos para a palestra Enade 2022: orienta\u00e7\u00f5es gerais que ocorrer\u00e1 no dia 10 de agosto, \u00e0s 16h, com transmiss\u00e3o ao vivo pelo\u00a0Canal do Centro de Ci\u00eancias Socio-organizacionais (CCSO) no Youtube. A confer\u00eancia ser\u00e1 ministrada pela [&hellip;]<\/p>\n","protected":false},"author":166,"featured_media":0,"comment_status":"closed","ping_status":"closed","sticky":false,"template":"","format":"standard","meta":{"jetpack_post_was_ever_published":false,"_jetpack_newsletter_access":"","_jetpack_dont_email_post_to_subs":false,"_jetpack_newsletter_tier_id":0,"_jetpack_memberships_contains_paywalled_content":false,"_jetpack_memberships_contains_paid_content":false,"footnotes":"","jetpack_publicize_message":"","jetpack_publicize_feature_enabled":true,"jetpack_social_post_already_shared":true,"jetpack_social_options":{"image_generator_settings":{"template":"highway","default_image_id":0,"font":"","enabled":false},"version":2}},"categories":[18],"tags":[],"class_list":["post-2869","post","type-post","status-publish","format-standard","hentry","category-noticias"],"jetpack_publicize_connections":[],"jetpack_featured_media_url":"","jetpack_sharing_enabled":true,"jetpack_shortlink":"https:\/\/wp.me\/p8YhqL-Kh","_links":{"self":[{"href":"https:\/\/wp.ufpel.edu.br\/famed\/wp-json\/wp\/v2\/posts\/2869","targetHints":{"allow":["GET"]}}],"collection":[{"href":"https:\/\/wp.ufpel.edu.br\/famed\/wp-json\/wp\/v2\/posts"}],"about":[{"href":"https:\/\/wp.ufpel.edu.br\/famed\/wp-json\/wp\/v2\/types\/post"}],"author":[{"embeddable":true,"href":"https:\/\/wp.ufpel.edu.br\/famed\/wp-json\/wp\/v2\/users\/166"}],"replies":[{"embeddable":true,"href":"https:\/\/wp.ufpel.edu.br\/famed\/wp-json\/wp\/v2\/comments?post=2869"}],"version-history":[{"count":2,"href":"https:\/\/wp.ufpel.edu.br\/famed\/wp-json\/wp\/v2\/posts\/2869\/revisions"}],"predecessor-version":[{"id":2872,"href":"https:\/\/wp.ufpel.edu.br\/famed\/wp-json\/wp\/v2\/posts\/2869\/revisions\/2872"}],"wp:attachment":[{"href":"https:\/\/wp.ufpel.edu.br\/famed\/wp-json\/wp\/v2\/media?parent=2869"}],"wp:term":[{"taxonomy":"category","embeddable":true,"href":"https:\/\/wp.ufpel.edu.br\/famed\/wp-json\/wp\/v2\/categories?post=2869"},{"taxonomy":"post_tag","embeddable":true,"href":"https:\/\/wp.ufpel.edu.br\/famed\/wp-json\/wp\/v2\/tags?post=2869"}],"curies":[{"name":"wp","href":"https:\/\/api.w.org\/{rel}","templated":true}]}}