{"id":2864,"date":"2022-08-01T13:28:29","date_gmt":"2022-08-01T16:28:29","guid":{"rendered":"https:\/\/wp.ufpel.edu.br\/famed\/?p=2864"},"modified":"2022-08-01T13:28:29","modified_gmt":"2022-08-01T16:28:29","slug":"ppg-em-epidemiologia-seleciona-estudantes-para-mestrado-e-doutorado","status":"publish","type":"post","link":"https:\/\/wp.ufpel.edu.br\/famed\/2022\/08\/01\/ppg-em-epidemiologia-seleciona-estudantes-para-mestrado-e-doutorado\/","title":{"rendered":"PPG em Epidemiologia seleciona estudantes para Mestrado e Doutorado"},"content":{"rendered":"<p>O Programa de P\u00f3s-Gradua\u00e7\u00e3o em Epidemiologia da Universidade Federal de Pelotas (UFPel) lan\u00e7ou\u00a0<a href=\"https:\/\/www.epidemio-ufpel.org.br\/site\/content\/sala_imprensa\/noticia_detalhe.php?noticia=3351\">editais<\/a>\u00a0para sele\u00e7\u00e3o de estudantes regulares nos cursos de Mestrado e Doutorado. As inscri\u00e7\u00f5es para o exame de sele\u00e7\u00e3o est\u00e3o abertas e v\u00e3o at\u00e9 o dia 02 de setembro.<\/p>\n<p>Todos os detalhes est\u00e3o dispon\u00edveis nos\u00a0<a href=\"https:\/\/www.epidemio-ufpel.org.br\/site\/content\/sala_imprensa\/noticia_detalhe.php?noticia=3351\">editais<\/a>.<\/p>\n","protected":false},"excerpt":{"rendered":"<p>O Programa de P\u00f3s-Gradua\u00e7\u00e3o em Epidemiologia da Universidade Federal de Pelotas (UFPel) lan\u00e7ou\u00a0editais\u00a0para sele\u00e7\u00e3o de estudantes regulares nos cursos de Mestrado e Doutorado. As inscri\u00e7\u00f5es para o exame de sele\u00e7\u00e3o est\u00e3o abertas e v\u00e3o at\u00e9 o dia 02 de setembro. Todos os detalhes est\u00e3o dispon\u00edveis nos\u00a0editais.<\/p>\n","protected":false},"author":166,"featured_media":0,"comment_status":"closed","ping_status":"closed","sticky":false,"template":"","format":"standard","meta":{"jetpack_post_was_ever_published":false,"_jetpack_newsletter_access":"","_jetpack_dont_email_post_to_subs":false,"_jetpack_newsletter_tier_id":0,"_jetpack_memberships_contains_paywalled_content":false,"_jetpack_memberships_contains_paid_content":false,"footnotes":"","jetpack_publicize_message":"","jetpack_publicize_feature_enabled":true,"jetpack_social_post_already_shared":true,"jetpack_social_options":{"image_generator_settings":{"template":"highway","default_image_id":0,"font":"","enabled":false},"version":2}},"categories":[18],"tags":[],"class_list":["post-2864","post","type-post","status-publish","format-standard","hentry","category-noticias"],"jetpack_publicize_connections":[],"jetpack_featured_media_url":"","jetpack_sharing_enabled":true,"jetpack_shortlink":"https:\/\/wp.me\/p8YhqL-Kc","_links":{"self":[{"href":"https:\/\/wp.ufpel.edu.br\/famed\/wp-json\/wp\/v2\/posts\/2864","targetHints":{"allow":["GET"]}}],"collection":[{"href":"https:\/\/wp.ufpel.edu.br\/famed\/wp-json\/wp\/v2\/posts"}],"about":[{"href":"https:\/\/wp.ufpel.edu.br\/famed\/wp-json\/wp\/v2\/types\/post"}],"author":[{"embeddable":true,"href":"https:\/\/wp.ufpel.edu.br\/famed\/wp-json\/wp\/v2\/users\/166"}],"replies":[{"embeddable":true,"href":"https:\/\/wp.ufpel.edu.br\/famed\/wp-json\/wp\/v2\/comments?post=2864"}],"version-history":[{"count":1,"href":"https:\/\/wp.ufpel.edu.br\/famed\/wp-json\/wp\/v2\/posts\/2864\/revisions"}],"predecessor-version":[{"id":2866,"href":"https:\/\/wp.ufpel.edu.br\/famed\/wp-json\/wp\/v2\/posts\/2864\/revisions\/2866"}],"wp:attachment":[{"href":"https:\/\/wp.ufpel.edu.br\/famed\/wp-json\/wp\/v2\/media?parent=2864"}],"wp:term":[{"taxonomy":"category","embeddable":true,"href":"https:\/\/wp.ufpel.edu.br\/famed\/wp-json\/wp\/v2\/categories?post=2864"},{"taxonomy":"post_tag","embeddable":true,"href":"https:\/\/wp.ufpel.edu.br\/famed\/wp-json\/wp\/v2\/tags?post=2864"}],"curies":[{"name":"wp","href":"https:\/\/api.w.org\/{rel}","templated":true}]}}