{"id":2856,"date":"2022-08-01T13:28:57","date_gmt":"2022-08-01T16:28:57","guid":{"rendered":"https:\/\/wp.ufpel.edu.br\/famed\/?p=2856"},"modified":"2022-08-01T13:30:51","modified_gmt":"2022-08-01T16:30:51","slug":"bem-vindos-ao-semestre-letivo-2022-1","status":"publish","type":"post","link":"https:\/\/wp.ufpel.edu.br\/famed\/2022\/08\/01\/bem-vindos-ao-semestre-letivo-2022-1\/","title":{"rendered":"Bem-vindos ao semestre letivo 2022\/1!"},"content":{"rendered":"<p>Hoje, 01\/08, inicia mais um semestre letivo na Leiga.<\/p>\n<p>Ficamos muito felizes em receb\u00ea-los nesse retorno das aulas presenciais e gostar\u00edamos que ficassem atentos a algumas informa\u00e7\u00f5es:<\/p>\n<p>&nbsp;<\/p>\n<p>&#8211; Os colegiados dos tr\u00eas cursos ficam no t\u00e9rreo do Pr\u00e9dio Hist\u00f3rico, \u00e9 l\u00e1 que voc\u00ea aluno, deve se informar sobre suas aulas, hor\u00e1rios, disciplinas, professores, documentos acad\u00eamicos, etc.<\/p>\n<p>Voc\u00ea tamb\u00e9m pode entrar em contato pelo telefone (53) 3310-1805 ou pelo e-mail de seu respectivo curso:<\/p>\n<p><a href=\"mailto:famedcol@ufpel.edu.br\">famedcol@ufpel.edu.br<\/a> para Medicina<\/p>\n<p><a href=\"mailto:psicologia.ufpel@gmail.com\">psicologia.ufpel@gmail.com<\/a> para Psicologia<\/p>\n<p><a href=\"mailto:terapia.ocupacional@ufpel.edu.br\">terapia.ocupacional@ufpel.edu.br<\/a> para Terapia Ocupacional<\/p>\n<p>&nbsp;<\/p>\n<p>&#8211; A secretaria da dire\u00e7\u00e3o tamb\u00e9m fica no Pr\u00e9dio Hist\u00f3rico e est\u00e1 atendendo das 8h \u00e0s 12h e das 13h \u00e1s 17h.<\/p>\n<p>&nbsp;<\/p>\n<p>&#8211; Sobre a Cantina da FAMED, informamos que est\u00e1 sendo feito o processo de rescis\u00e3o contratual com a empresa que estava utilizando o espa\u00e7o. Em breve, ser\u00e1 feita nova licita\u00e7\u00e3o e contrata\u00e7\u00e3o de nova empresa, mas at\u00e9 l\u00e1 orientamos que os estudantes se organizem com rela\u00e7\u00e3o aos seus lanches e acessem a p\u00e1gina da PRAE sobre o funcionamento dos RUs <a href=\"https:\/\/wp.ufpel.edu.br\/prae\/restaurante-universitario\/enderecos\/\">https:\/\/wp.ufpel.edu.br\/prae\/restaurante-universitario\/enderecos\/<\/a><\/p>\n<p>&nbsp;<\/p>\n<p>&#8211; Os hor\u00e1rios e paradas do transporte de apoio podem ser encontrados no \u00a0<a href=\"https:\/\/wp.ufpel.edu.br\/transporte\/transporte-apoio\/\">site do NuTrans<\/a>.<\/p>\n<p>&nbsp;<\/p>\n<p>&#8211; A biblioteca da FAMED est\u00e1 aberta ao p\u00fablico das 8h \u00e0s 21h com funcionamento normal.<\/p>\n<p>&nbsp;<\/p>\n<p>&#8211; O uso de m\u00e1scara \u00e9 obrigat\u00f3rio durante toda perman\u00eancia nas depend\u00eancias da UFPel, sempre bem ajustada ao rosto, \u00a0assim como a apresenta\u00e7\u00e3o de comprovante vacinal quando solicitado. Lembre-se, tamb\u00e9m, de higienizar constantemente as m\u00e3os, com \u00e1gua e sab\u00e3o ou \u00e1lcool 70% e evitar aglomera\u00e7\u00f5es.<\/p>\n<p>&nbsp;<\/p>\n<p>A FAMED deseja a todos, alunos, professores, TAEs e funcion\u00e1rios um \u00f3timo in\u00edcio e retorno das aulas!<\/p>\n<p>Medicina, Psicologia e Terapia Ocupacional, sejam bem-vindos a mais um semestre!!!<\/p>\n<p><a href=\"https:\/\/wp.ufpel.edu.br\/famed\/files\/2018\/11\/leiga-desenho-assinatura.jpg\"><img class=\"size-full wp-image-211 aligncenter\" src=\"https:\/\/wp.ufpel.edu.br\/famed\/files\/2018\/11\/leiga-desenho-assinatura.jpg\" alt=\"\" width=\"180\" height=\"195\" \/><\/a><\/p>\n","protected":false},"excerpt":{"rendered":"<p>Hoje, 01\/08, inicia mais um semestre letivo na Leiga. Ficamos muito felizes em receb\u00ea-los nesse retorno das aulas presenciais e gostar\u00edamos que ficassem atentos a algumas informa\u00e7\u00f5es: &nbsp; &#8211; Os colegiados dos tr\u00eas cursos ficam no t\u00e9rreo do Pr\u00e9dio Hist\u00f3rico, \u00e9 l\u00e1 que voc\u00ea aluno, deve se informar sobre suas aulas, hor\u00e1rios, disciplinas, professores, documentos [&hellip;]<\/p>\n","protected":false},"author":166,"featured_media":0,"comment_status":"closed","ping_status":"closed","sticky":false,"template":"","format":"standard","meta":{"jetpack_post_was_ever_published":false,"_jetpack_newsletter_access":"","_jetpack_dont_email_post_to_subs":false,"_jetpack_newsletter_tier_id":0,"_jetpack_memberships_contains_paywalled_content":false,"_jetpack_memberships_contains_paid_content":false,"footnotes":"","jetpack_publicize_message":"","jetpack_publicize_feature_enabled":true,"jetpack_social_post_already_shared":true,"jetpack_social_options":{"image_generator_settings":{"template":"highway","default_image_id":0,"font":"","enabled":false},"version":2}},"categories":[18],"tags":[],"class_list":["post-2856","post","type-post","status-publish","format-standard","hentry","category-noticias"],"jetpack_publicize_connections":[],"jetpack_featured_media_url":"","jetpack_sharing_enabled":true,"jetpack_shortlink":"https:\/\/wp.me\/p8YhqL-K4","_links":{"self":[{"href":"https:\/\/wp.ufpel.edu.br\/famed\/wp-json\/wp\/v2\/posts\/2856","targetHints":{"allow":["GET"]}}],"collection":[{"href":"https:\/\/wp.ufpel.edu.br\/famed\/wp-json\/wp\/v2\/posts"}],"about":[{"href":"https:\/\/wp.ufpel.edu.br\/famed\/wp-json\/wp\/v2\/types\/post"}],"author":[{"embeddable":true,"href":"https:\/\/wp.ufpel.edu.br\/famed\/wp-json\/wp\/v2\/users\/166"}],"replies":[{"embeddable":true,"href":"https:\/\/wp.ufpel.edu.br\/famed\/wp-json\/wp\/v2\/comments?post=2856"}],"version-history":[{"count":7,"href":"https:\/\/wp.ufpel.edu.br\/famed\/wp-json\/wp\/v2\/posts\/2856\/revisions"}],"predecessor-version":[{"id":2867,"href":"https:\/\/wp.ufpel.edu.br\/famed\/wp-json\/wp\/v2\/posts\/2856\/revisions\/2867"}],"wp:attachment":[{"href":"https:\/\/wp.ufpel.edu.br\/famed\/wp-json\/wp\/v2\/media?parent=2856"}],"wp:term":[{"taxonomy":"category","embeddable":true,"href":"https:\/\/wp.ufpel.edu.br\/famed\/wp-json\/wp\/v2\/categories?post=2856"},{"taxonomy":"post_tag","embeddable":true,"href":"https:\/\/wp.ufpel.edu.br\/famed\/wp-json\/wp\/v2\/tags?post=2856"}],"curies":[{"name":"wp","href":"https:\/\/api.w.org\/{rel}","templated":true}]}}