{"id":2521,"date":"2022-03-18T07:00:47","date_gmt":"2022-03-18T10:00:47","guid":{"rendered":"https:\/\/wp.ufpel.edu.br\/famed\/?p=2521"},"modified":"2022-03-17T17:40:08","modified_gmt":"2022-03-17T20:40:08","slug":"linha-anglo-famed-ganha-novos-horarios","status":"publish","type":"post","link":"https:\/\/wp.ufpel.edu.br\/famed\/2022\/03\/18\/linha-anglo-famed-ganha-novos-horarios\/","title":{"rendered":"Linha Anglo-Famed ganha novos hor\u00e1rios"},"content":{"rendered":"<p>Est\u00e3o em vigor, desde a segunda-feira (7), novos hor\u00e1rios na linha Anglo-Famed do Transporte Circular de Apoio da UFPel. As novas sa\u00eddas s\u00e3o \u00e0s 8h, 9h, 11, 14h, 15h, 17h, 19h, 20h, 21h e 22h20min.<\/p>\n<p>Os hor\u00e1rios e itiner\u00e1rios completos podem ser conferidos a seguir:<\/p>\n<p>7h30min \u2013 Parada XV \u2013 CEU \u2013 Famed \u2013 Canguru \u2013 CEU \u2013 Parada XV \u2013 Odonto \u2013 ALM \u2013 Campus 2 \u2013 Faurb \u2013 Cotada \u2013 CEIQ \u2013 Anglo<\/p>\n<p>8h \u2013 Anglo \u2013 Cotada \u2013 CCHS \u2013 Parada XV \u2013 CEU \u2013 Parada XV \u2013 Odonto \u2013 ALM \u2013 Campus II \u2013 Faurb \u2013 Cotada \u2013 CEIQ \u2013 Anglo<\/p>\n<p>9h, 10h, 11, 12, 13h, 14h, 15h, 16h, 17h, 18h, 19h, 20h, 21h e 22h20min \u2013 Anglo \u2013 CEIQ \u2013 Cotada \u2013 Faurb \u2013 Campus 2 \u2013 Parada XV \u2013 CEU \u2013 Famed \u2013 Canguru \u2013 CEU \u2013 Parada XV \u2013 Odonto \u2013 ALM \u2013 Campus 2 \u2013 Faurb \u2013 Cotada \u2013 CEIQ \u2013 Anglo<\/p>\n<p>Fonte: https:\/\/ccs2.ufpel.edu.br\/wp\/2022\/03\/09\/linha-anglo-famed-ganha-novos-horarios\/<\/p>\n","protected":false},"excerpt":{"rendered":"<p>Est\u00e3o em vigor, desde a segunda-feira (7), novos hor\u00e1rios na linha Anglo-Famed do Transporte Circular de Apoio da UFPel. As novas sa\u00eddas s\u00e3o \u00e0s 8h, 9h, 11, 14h, 15h, 17h, 19h, 20h, 21h e 22h20min. Os hor\u00e1rios e itiner\u00e1rios completos podem ser conferidos a seguir: 7h30min \u2013 Parada XV \u2013 CEU \u2013 Famed \u2013 Canguru [&hellip;]<\/p>\n","protected":false},"author":166,"featured_media":0,"comment_status":"closed","ping_status":"closed","sticky":false,"template":"","format":"standard","meta":{"jetpack_post_was_ever_published":false,"_jetpack_newsletter_access":"","_jetpack_dont_email_post_to_subs":false,"_jetpack_newsletter_tier_id":0,"_jetpack_memberships_contains_paywalled_content":false,"_jetpack_memberships_contains_paid_content":false,"footnotes":"","jetpack_publicize_message":"","jetpack_publicize_feature_enabled":true,"jetpack_social_post_already_shared":true,"jetpack_social_options":{"image_generator_settings":{"template":"highway","default_image_id":0,"font":"","enabled":false},"version":2}},"categories":[18],"tags":[],"class_list":["post-2521","post","type-post","status-publish","format-standard","hentry","category-noticias"],"jetpack_publicize_connections":[],"jetpack_featured_media_url":"","jetpack_sharing_enabled":true,"jetpack_shortlink":"https:\/\/wp.me\/p8YhqL-EF","_links":{"self":[{"href":"https:\/\/wp.ufpel.edu.br\/famed\/wp-json\/wp\/v2\/posts\/2521","targetHints":{"allow":["GET"]}}],"collection":[{"href":"https:\/\/wp.ufpel.edu.br\/famed\/wp-json\/wp\/v2\/posts"}],"about":[{"href":"https:\/\/wp.ufpel.edu.br\/famed\/wp-json\/wp\/v2\/types\/post"}],"author":[{"embeddable":true,"href":"https:\/\/wp.ufpel.edu.br\/famed\/wp-json\/wp\/v2\/users\/166"}],"replies":[{"embeddable":true,"href":"https:\/\/wp.ufpel.edu.br\/famed\/wp-json\/wp\/v2\/comments?post=2521"}],"version-history":[{"count":2,"href":"https:\/\/wp.ufpel.edu.br\/famed\/wp-json\/wp\/v2\/posts\/2521\/revisions"}],"predecessor-version":[{"id":2524,"href":"https:\/\/wp.ufpel.edu.br\/famed\/wp-json\/wp\/v2\/posts\/2521\/revisions\/2524"}],"wp:attachment":[{"href":"https:\/\/wp.ufpel.edu.br\/famed\/wp-json\/wp\/v2\/media?parent=2521"}],"wp:term":[{"taxonomy":"category","embeddable":true,"href":"https:\/\/wp.ufpel.edu.br\/famed\/wp-json\/wp\/v2\/categories?post=2521"},{"taxonomy":"post_tag","embeddable":true,"href":"https:\/\/wp.ufpel.edu.br\/famed\/wp-json\/wp\/v2\/tags?post=2521"}],"curies":[{"name":"wp","href":"https:\/\/api.w.org\/{rel}","templated":true}]}}