{"id":2501,"date":"2022-03-14T13:47:04","date_gmt":"2022-03-14T16:47:04","guid":{"rendered":"https:\/\/wp.ufpel.edu.br\/famed\/?p=2501"},"modified":"2022-03-14T13:47:04","modified_gmt":"2022-03-14T16:47:04","slug":"deputado-daniel-trzeciak-destina-r-271-mil-para-obra-do-hospice","status":"publish","type":"post","link":"https:\/\/wp.ufpel.edu.br\/famed\/2022\/03\/14\/deputado-daniel-trzeciak-destina-r-271-mil-para-obra-do-hospice\/","title":{"rendered":"Deputado Daniel Trzeciak destina R$ 271 mil para obra do Hospice"},"content":{"rendered":"<p><img class=\"alignleft wp-image-109931 size-medium\" src=\"http:\/\/ccs2.ufpel.edu.br\/wp\/wp-content\/uploads\/2022\/03\/Cuidados_Paliativos-18-265x400.jpg\" alt=\"\" width=\"265\" height=\"400\" data-attachment-id=\"109931\" data-permalink=\"https:\/\/ccs2.ufpel.edu.br\/wp\/2022\/03\/14\/deputado-daniel-trzeciak-destina-r-271-mil-para-obra-do-hospice\/cuidados_paliativos-18\/\" data-orig-file=\"https:\/\/ccs2.ufpel.edu.br\/wp\/wp-content\/uploads\/2022\/03\/Cuidados_Paliativos-18.jpg\" data-orig-size=\"715,1080\" data-comments-opened=\"0\" data-image-meta=\"{&quot;aperture&quot;:&quot;9&quot;,&quot;credit&quot;:&quot;&quot;,&quot;camera&quot;:&quot;NIKON D7000&quot;,&quot;caption&quot;:&quot;&quot;,&quot;created_timestamp&quot;:&quot;1646653101&quot;,&quot;copyright&quot;:&quot;&quot;,&quot;focal_length&quot;:&quot;18&quot;,&quot;iso&quot;:&quot;200&quot;,&quot;shutter_speed&quot;:&quot;0.01&quot;,&quot;title&quot;:&quot;&quot;,&quot;orientation&quot;:&quot;0&quot;}\" data-image-title=\"Cuidados_Paliativos (18)\" data-image-description=\"\" data-image-caption=\"\" data-medium-file=\"https:\/\/ccs2.ufpel.edu.br\/wp\/wp-content\/uploads\/2022\/03\/Cuidados_Paliativos-18-265x400.jpg\" data-large-file=\"https:\/\/ccs2.ufpel.edu.br\/wp\/wp-content\/uploads\/2022\/03\/Cuidados_Paliativos-18-678x1024.jpg\" \/>Uma emenda parlamentar, no valor de R$ 271 mil, promete trazer mais um f\u00f4lego para a obra do Centro Regional de Cuidados Paliativos da Universidade Federal de Pelotas, estrutura que oferecer\u00e1 os servi\u00e7os de um hospice. A verba foi destinada pelo deputado federal Daniel Trzeciak (PSDB-RS), que esteve no canteiro de obras na \u00faltima segunda-feira (7) para realizar o ato simb\u00f3lico de entrega do valor.<\/p>\n<p>Al\u00e9m do parlamentar, estiveram presentes na visita a reitora da UFPel, Isabela Andrade, e a diretora da Faculdade de Medicina, Julieta Fripp, que tamb\u00e9m coordena a Unidade Cuidativa, ente ao qual est\u00e1 ligado o centro. A edifica\u00e7\u00e3o, localizada no terreno da antiga f\u00e1brica Laneira Brasileira, come\u00e7ou a ser constru\u00edda em 2014 e j\u00e1 tem grande parte de sua estrutura conclu\u00edda; no entanto, ainda s\u00e3o necess\u00e1rias muitas interven\u00e7\u00f5es para a sua conclus\u00e3o.<\/p>\n<p>Estima-se, segundo informa\u00e7\u00f5es da diretora, que ainda sejam necess\u00e1rios entre R$ 3 e 4 milh\u00f5es para que o hospice entre em funcionamento. Os valores trazidos por meio da emenda recebida na segunda-feira ser\u00e3o encaminhados para que sejam executadas interven\u00e7\u00f5es que n\u00e3o est\u00e3o previstas nos servi\u00e7os da empreiteira que realiza a obra atualmente: a ideia \u00e9 que o dinheiro seja investido na esta\u00e7\u00e3o de esgoto, reservat\u00f3rios de \u00e1gua e rede de gases, assim como em acabamentos para piso e paredes.<\/p>\n<p>A estrutura s\u00f3 poder\u00e1 realizar interna\u00e7\u00f5es quando a obra estiver completamente acabada. No entanto, a ideia, de acordo com Julieta, \u00e9 que o espa\u00e7o v\u00e1 sendo utilizado conforme a finaliza\u00e7\u00e3o para atendimentos ambulatoriais ligados \u00e0 Unidade Cuidativa.<\/p>\n<p>A reitora destacou a parceria mantida entre a Universidade e o deputado Trzeciak: \u201c\u00c9 muito bom tem esse apoio e essa proximidade\u201d. Ela pontou que a presen\u00e7a do parlamentar em Bras\u00edlia j\u00e1 trouxe grandes benef\u00edcios para a regi\u00e3o, especialmente nas \u00e1reas da sa\u00fade e da educa\u00e7\u00e3o.<\/p>\n<p>Trzeciak reafirmou seu comprometimento com as pautas trazidas pela UFPel. \u201cA Universidade fomenta a regi\u00e3o\u201d, destaca. Ele ainda se colocou a disposi\u00e7\u00e3o para as poss\u00edveis articula\u00e7\u00f5es para outras demandas. Sobre a obra do hospice, o deputado diz que tal estrutura vai melhorar a vida de quem precisa. \u201cVai melhorar a qualidade de vida e, porque n\u00e3o, de morte de muitas pessoas\u201d, comentou a diretora da Famed.<\/p>\n<p><img class=\"alignleft size-medium wp-image-109930\" src=\"http:\/\/ccs2.ufpel.edu.br\/wp\/wp-content\/uploads\/2022\/03\/Cuidados_Paliativos-4-265x400.jpg\" alt=\"\" width=\"265\" height=\"400\" data-attachment-id=\"109930\" data-permalink=\"https:\/\/ccs2.ufpel.edu.br\/wp\/2022\/03\/14\/deputado-daniel-trzeciak-destina-r-271-mil-para-obra-do-hospice\/cuidados_paliativos-4\/\" data-orig-file=\"https:\/\/ccs2.ufpel.edu.br\/wp\/wp-content\/uploads\/2022\/03\/Cuidados_Paliativos-4.jpg\" data-orig-size=\"715,1080\" data-comments-opened=\"0\" data-image-meta=\"{&quot;aperture&quot;:&quot;6.3&quot;,&quot;credit&quot;:&quot;&quot;,&quot;camera&quot;:&quot;NIKON D7000&quot;,&quot;caption&quot;:&quot;&quot;,&quot;created_timestamp&quot;:&quot;1646651999&quot;,&quot;copyright&quot;:&quot;&quot;,&quot;focal_length&quot;:&quot;18&quot;,&quot;iso&quot;:&quot;200&quot;,&quot;shutter_speed&quot;:&quot;0.033333333333333&quot;,&quot;title&quot;:&quot;&quot;,&quot;orientation&quot;:&quot;0&quot;}\" data-image-title=\"Cuidados_Paliativos (4)\" data-image-description=\"\" data-image-caption=\"\" data-medium-file=\"https:\/\/ccs2.ufpel.edu.br\/wp\/wp-content\/uploads\/2022\/03\/Cuidados_Paliativos-4-265x400.jpg\" data-large-file=\"https:\/\/ccs2.ufpel.edu.br\/wp\/wp-content\/uploads\/2022\/03\/Cuidados_Paliativos-4-678x1024.jpg\" \/><\/p>\n<p><strong>Espa\u00e7o de cuidado e acolhimento<\/strong><\/p>\n<p>Hospice \u00e9 uma modalidade de cuidado para pacientes que apresentam doen\u00e7as cr\u00f4nicas em evolu\u00e7\u00e3o e progress\u00e3o, que demandam cuidados paliativos para controle de sintomas e al\u00edvio dos sofrimentos advindos da enfermidade. Estruturas do tipo permitem interna\u00e7\u00e3o de pacientes diagnosticados com c\u00e2nceres avan\u00e7ados, doen\u00e7as neurodegenerativas, pneumopatias severas, dores f\u00edsicas de dif\u00edcil manejo, entre outras: al\u00e9m de permitirem uma interna\u00e7\u00e3o para controle de sintomas, proporciona tamb\u00e9m a possibilidade de al\u00edvio de ordem emocional, social e espiritual tanto para os doentes quanto para os seus acompanhantes. Os hospices tamb\u00e9m permitem regimes de interna\u00e7\u00e3o de 24 horas, n\u00e3o sendo apenas uma estrutura de hospital-dia. Al\u00e9m disso, acolhem os pacientes quando est\u00e3o em estado terminal, em uma perman\u00eancia em ambiente mais acolhedor que o hospitalar.<\/p>\n<p>\u201cMuitos pacientes que apresentam doen\u00e7as graves sofrem por in\u00fameras complica\u00e7\u00f5es na evolu\u00e7\u00e3o da patologia e, al\u00e9m disso, n\u00e3o possuem suporte de equipe multidisciplinar com foco nos cuidados paliativos\u201d, explica Julieta, m\u00e9dica paliativista por forma\u00e7\u00e3o. No entanto, ainda s\u00e3o poucos os centros de cuidados paliativos que funcionem com regime de interna\u00e7\u00e3o 24h no Brasil. Quando planejado, em 2014, o Centro Regional de Cuidados Paliativos da UFPel seria o primeiro do Brasil. Apesar de outras estruturas do tipo j\u00e1 terem sido criadas desde ent\u00e3o, ele ainda ser\u00e1 o primeiro pertencente a uma institui\u00e7\u00e3o de ensino.<\/p>\n<p>Segundo a diretora da Famed, al\u00e9m de qualificar a assist\u00eancia proporcionada pela Universidade, o hospice ir\u00e1 possibilitar uma amplia\u00e7\u00e3o nas possibilidades de forma\u00e7\u00e3o acad\u00eamica, abrindo novos campos para estudantes de internatos, resid\u00eancias multidisciplinares, n\u00e3o apenas para alunos do curso de Medicina, mas tamb\u00e9m Psicologia, Nutri\u00e7\u00e3o, Fisioterapia e Terapia Ocupacional, por exemplo. \u201cFormaremos profissionais com conhecimento, habilidade e atitude, para cuidar de pessoas que sofrem e n\u00e3o podem ser deixadas para tr\u00e1s\u201d, explica.<\/p>\n<p>Fonte: https:\/\/ccs2.ufpel.edu.br\/wp\/2022\/03\/14\/deputado-daniel-trzeciak-destina-r-271-mil-para-obra-do-hospice\/<\/p>\n","protected":false},"excerpt":{"rendered":"<p>Uma emenda parlamentar, no valor de R$ 271 mil, promete trazer mais um f\u00f4lego para a obra do Centro Regional de Cuidados Paliativos da Universidade Federal de Pelotas, estrutura que oferecer\u00e1 os servi\u00e7os de um hospice. A verba foi destinada pelo deputado federal Daniel Trzeciak (PSDB-RS), que esteve no canteiro de obras na \u00faltima segunda-feira [&hellip;]<\/p>\n","protected":false},"author":166,"featured_media":0,"comment_status":"closed","ping_status":"closed","sticky":false,"template":"","format":"standard","meta":{"jetpack_post_was_ever_published":false,"_jetpack_newsletter_access":"","_jetpack_dont_email_post_to_subs":false,"_jetpack_newsletter_tier_id":0,"_jetpack_memberships_contains_paywalled_content":false,"_jetpack_memberships_contains_paid_content":false,"footnotes":"","jetpack_publicize_message":"","jetpack_publicize_feature_enabled":true,"jetpack_social_post_already_shared":true,"jetpack_social_options":{"image_generator_settings":{"template":"highway","default_image_id":0,"font":"","enabled":false},"version":2}},"categories":[18],"tags":[],"class_list":["post-2501","post","type-post","status-publish","format-standard","hentry","category-noticias"],"jetpack_publicize_connections":[],"jetpack_featured_media_url":"","jetpack_sharing_enabled":true,"jetpack_shortlink":"https:\/\/wp.me\/p8YhqL-El","_links":{"self":[{"href":"https:\/\/wp.ufpel.edu.br\/famed\/wp-json\/wp\/v2\/posts\/2501","targetHints":{"allow":["GET"]}}],"collection":[{"href":"https:\/\/wp.ufpel.edu.br\/famed\/wp-json\/wp\/v2\/posts"}],"about":[{"href":"https:\/\/wp.ufpel.edu.br\/famed\/wp-json\/wp\/v2\/types\/post"}],"author":[{"embeddable":true,"href":"https:\/\/wp.ufpel.edu.br\/famed\/wp-json\/wp\/v2\/users\/166"}],"replies":[{"embeddable":true,"href":"https:\/\/wp.ufpel.edu.br\/famed\/wp-json\/wp\/v2\/comments?post=2501"}],"version-history":[{"count":1,"href":"https:\/\/wp.ufpel.edu.br\/famed\/wp-json\/wp\/v2\/posts\/2501\/revisions"}],"predecessor-version":[{"id":2503,"href":"https:\/\/wp.ufpel.edu.br\/famed\/wp-json\/wp\/v2\/posts\/2501\/revisions\/2503"}],"wp:attachment":[{"href":"https:\/\/wp.ufpel.edu.br\/famed\/wp-json\/wp\/v2\/media?parent=2501"}],"wp:term":[{"taxonomy":"category","embeddable":true,"href":"https:\/\/wp.ufpel.edu.br\/famed\/wp-json\/wp\/v2\/categories?post=2501"},{"taxonomy":"post_tag","embeddable":true,"href":"https:\/\/wp.ufpel.edu.br\/famed\/wp-json\/wp\/v2\/tags?post=2501"}],"curies":[{"name":"wp","href":"https:\/\/api.w.org\/{rel}","templated":true}]}}