{"id":1970,"date":"2021-07-14T18:34:05","date_gmt":"2021-07-14T21:34:05","guid":{"rendered":"https:\/\/wp.ufpel.edu.br\/famed\/?p=1970"},"modified":"2021-07-14T18:34:05","modified_gmt":"2021-07-14T21:34:05","slug":"nota-de-pesar-aluno-victor-william-de-souza-e-castro","status":"publish","type":"post","link":"https:\/\/wp.ufpel.edu.br\/famed\/2021\/07\/14\/nota-de-pesar-aluno-victor-william-de-souza-e-castro\/","title":{"rendered":"Nota de Pesar \u2013 Aluno Victor William de Souza e Castro"},"content":{"rendered":"<p>\u00c9 com pesar que a Faculdade de Medicina e o Hospital Escola da UFPel comunicam o falecimento do doutorando Victor William de Souza e Castro.<\/p>\n<p>A comunidade acad\u00eamica da Universidade manifesta os sentimentos \u00e0 fam\u00edlia e amigos neste momento de profunda tristeza.<\/p>\n","protected":false},"excerpt":{"rendered":"<p>\u00c9 com pesar que a Faculdade de Medicina e o Hospital Escola da UFPel comunicam o falecimento do doutorando Victor William de Souza e Castro. A comunidade acad\u00eamica da Universidade manifesta os sentimentos \u00e0 fam\u00edlia e amigos neste momento de profunda tristeza.<\/p>\n","protected":false},"author":166,"featured_media":0,"comment_status":"closed","ping_status":"closed","sticky":false,"template":"","format":"standard","meta":{"jetpack_post_was_ever_published":false,"_jetpack_newsletter_access":"","_jetpack_dont_email_post_to_subs":false,"_jetpack_newsletter_tier_id":0,"_jetpack_memberships_contains_paywalled_content":false,"_jetpack_memberships_contains_paid_content":false,"footnotes":"","jetpack_publicize_message":"","jetpack_publicize_feature_enabled":true,"jetpack_social_post_already_shared":true,"jetpack_social_options":{"image_generator_settings":{"template":"highway","default_image_id":0,"font":"","enabled":false},"version":2}},"categories":[18],"tags":[],"class_list":["post-1970","post","type-post","status-publish","format-standard","hentry","category-noticias"],"jetpack_publicize_connections":[],"jetpack_featured_media_url":"","jetpack_sharing_enabled":true,"jetpack_shortlink":"https:\/\/wp.me\/p8YhqL-vM","_links":{"self":[{"href":"https:\/\/wp.ufpel.edu.br\/famed\/wp-json\/wp\/v2\/posts\/1970","targetHints":{"allow":["GET"]}}],"collection":[{"href":"https:\/\/wp.ufpel.edu.br\/famed\/wp-json\/wp\/v2\/posts"}],"about":[{"href":"https:\/\/wp.ufpel.edu.br\/famed\/wp-json\/wp\/v2\/types\/post"}],"author":[{"embeddable":true,"href":"https:\/\/wp.ufpel.edu.br\/famed\/wp-json\/wp\/v2\/users\/166"}],"replies":[{"embeddable":true,"href":"https:\/\/wp.ufpel.edu.br\/famed\/wp-json\/wp\/v2\/comments?post=1970"}],"version-history":[{"count":1,"href":"https:\/\/wp.ufpel.edu.br\/famed\/wp-json\/wp\/v2\/posts\/1970\/revisions"}],"predecessor-version":[{"id":1972,"href":"https:\/\/wp.ufpel.edu.br\/famed\/wp-json\/wp\/v2\/posts\/1970\/revisions\/1972"}],"wp:attachment":[{"href":"https:\/\/wp.ufpel.edu.br\/famed\/wp-json\/wp\/v2\/media?parent=1970"}],"wp:term":[{"taxonomy":"category","embeddable":true,"href":"https:\/\/wp.ufpel.edu.br\/famed\/wp-json\/wp\/v2\/categories?post=1970"},{"taxonomy":"post_tag","embeddable":true,"href":"https:\/\/wp.ufpel.edu.br\/famed\/wp-json\/wp\/v2\/tags?post=1970"}],"curies":[{"name":"wp","href":"https:\/\/api.w.org\/{rel}","templated":true}]}}