{"id":1859,"date":"2021-06-15T14:40:20","date_gmt":"2021-06-15T17:40:20","guid":{"rendered":"https:\/\/wp.ufpel.edu.br\/famed\/?p=1859"},"modified":"2021-06-15T14:40:20","modified_gmt":"2021-06-15T17:40:20","slug":"14-06-dia-mundial-do-doador-de-sangue","status":"publish","type":"post","link":"https:\/\/wp.ufpel.edu.br\/famed\/2021\/06\/15\/14-06-dia-mundial-do-doador-de-sangue\/","title":{"rendered":"14\/06 \u2013 Dia Mundial do Doador de Sangue"},"content":{"rendered":"<p class=\"Texto_Justificado_Recuo_Primeira_Linha\" style=\"text-align: justify\">A doa\u00e7\u00e3o de sangue \u00e9 o processo pelo qual um doador volunt\u00e1rio tem seu sangue coletado e armazenado em um banco de sangue ou hemocentro, para uso subsequente em transfus\u00f5es de sangue.<\/p>\n<p class=\"Texto_Justificado_Recuo_Primeira_Linha\" style=\"text-align: justify\">A quantidade de sangue retirada n\u00e3o afeta a sa\u00fade do doador, pois a recupera\u00e7\u00e3o ocorre imediatamente ap\u00f3s a doa\u00e7\u00e3o. Uma pessoa adulta tem, em m\u00e9dia, cinco litros de sangue e em uma doa\u00e7\u00e3o s\u00e3o coletados no m\u00e1ximo 450 ml. \u00c9 pouco para quem doa e muito para quem precisa.<\/p>\n<p class=\"Texto_Justificado_Recuo_Primeira_Linha\" style=\"text-align: justify\">Todo sangue doado \u00e9 separado em diferentes componentes (hem\u00e1cias, plaquetas, plasma) e, assim, pode beneficiar v\u00e1rios pacientes com apenas uma unidade coletada. Os componentes s\u00e3o distribu\u00eddos para os hospitais para atender aos casos de emerg\u00eancia e aos pacientes internados.<\/p>\n<p class=\"Texto_Justificado_Recuo_Primeira_Linha\" style=\"text-align: justify\"><strong>Pr\u00e9-requisitos para ser doador de sangue:<\/strong><\/p>\n<p class=\"Texto_Justificado_Recuo_Primeira_Linha\" style=\"text-align: justify\">Dormir no m\u00ednimo 6 horas na noite anterior;<\/p>\n<p class=\"Texto_Justificado_Recuo_Primeira_Linha\" style=\"text-align: justify\">Estar bem de sa\u00fade;<\/p>\n<p class=\"Texto_Justificado_Recuo_Primeira_Linha\" style=\"text-align: justify\">Ter idade entre 18 e 69 anos, 11 meses e 29 dias;<\/p>\n<p class=\"Texto_Justificado_Recuo_Primeira_Linha\" style=\"text-align: justify\">\u00a0A Doa\u00e7\u00e3o para menores de 18 anos (entre 16 e 17 anos e 11 meses) necessita de autoriza\u00e7\u00e3o dos pais;<\/p>\n<p class=\"Texto_Justificado_Recuo_Primeira_Linha\" style=\"text-align: justify\">Doar no m\u00e1ximo 4 vezes por ano, caso seja homem e, 3 vezes no caso das mulheres;<\/p>\n<p class=\"Texto_Justificado_Recuo_Primeira_Linha\" style=\"text-align: justify\">Pesar mais de 50kg;<\/p>\n<p class=\"Texto_Justificado_Recuo_Primeira_Linha\" style=\"text-align: justify\">N\u00e3o ser usu\u00e1rio de drogas;<\/p>\n<p class=\"Texto_Justificado_Recuo_Primeira_Linha\" style=\"text-align: justify\">N\u00e3o estar gr\u00e1vida ou amamentando;<\/p>\n<p class=\"Texto_Justificado_Recuo_Primeira_Linha\" style=\"text-align: justify\">N\u00e3o ter efetuado contato sexual com pessoas que tenham comportamento de risco para doen\u00e7as transmiss\u00edveis pelo sangue;<\/p>\n<p class=\"Texto_Justificado_Recuo_Primeira_Linha\" style=\"text-align: justify\">Estar bem alimentado, observando o intervalo m\u00ednimo de 2 horas ap\u00f3s o almo\u00e7o e 1 hora ap\u00f3s o caf\u00e9 ou lanche, n\u00e3o ultrapassando 4 horas sem alimenta\u00e7\u00e3o;<\/p>\n<p class=\"Texto_Justificado_Recuo_Primeira_Linha\" style=\"text-align: justify\">Portar documento original com foto;<\/p>\n<p class=\"Texto_Justificado_Recuo_Primeira_Linha\" style=\"text-align: justify\">N\u00e3o fumar duas horas antes da doa\u00e7\u00e3o;<\/p>\n<p class=\"Texto_Justificado_Recuo_Primeira_Linha\" style=\"text-align: justify\">N\u00e3o ingerir bebidas alco\u00f3licas 12 horas antes da doa\u00e7\u00e3o;<\/p>\n<p class=\"Texto_Justificado_Recuo_Primeira_Linha\" style=\"text-align: justify\">\n<p class=\"Texto_Justificado_Recuo_Primeira_Linha\" style=\"text-align: justify\"><strong>Locais de coleta:<\/strong><\/p>\n<p class=\"Texto_Justificado_Recuo_Primeira_Linha\" style=\"text-align: justify\"><u>Santa Casa de Miseric\u00f3rdia de Pelotas<\/u><\/p>\n<p class=\"Texto_Justificado_Recuo_Primeira_Linha\" style=\"text-align: justify\">Endere\u00e7o: Pra\u00e7a Piratinino de Almeida, 53 &#8211; Centro, Pelotas &#8211; RS, 96015-290<\/p>\n<p class=\"Texto_Justificado_Recuo_Primeira_Linha\" style=\"text-align: justify\">Hor\u00e1rio de atendimento: Segunda \u00e0 sexta: 08h \u00e0s 16h (hor\u00e1rio tempor\u00e1rio).<\/p>\n<p class=\"Texto_Justificado_Recuo_Primeira_Linha\" style=\"text-align: justify\"><u>Hemocentro Regional de Pelotas &#8211; Hemopel<\/u><\/p>\n<p class=\"Texto_Justificado_Recuo_Primeira_Linha\" style=\"text-align: justify\">Endere\u00e7o: Av. Bento Gon\u00e7alves, 4569 &#8211; Fragata, Pelotas &#8211; RS, 96015-140<\/p>\n<p class=\"Texto_Justificado_Recuo_Primeira_Linha\" style=\"text-align: justify\">Hor\u00e1rio das 08:00 \u00e0s 17:30<\/p>\n<p><a href=\"https:\/\/wp.ufpel.edu.br\/famed\/files\/2021\/06\/dia-do-doador.jpeg\"><img class=\"size-full wp-image-1862 aligncenter\" src=\"https:\/\/wp.ufpel.edu.br\/famed\/files\/2021\/06\/dia-do-doador.jpeg\" alt=\"\" width=\"720\" height=\"720\" srcset=\"https:\/\/wp.ufpel.edu.br\/famed\/files\/2021\/06\/dia-do-doador.jpeg 720w, https:\/\/wp.ufpel.edu.br\/famed\/files\/2021\/06\/dia-do-doador-400x400.jpeg 400w, https:\/\/wp.ufpel.edu.br\/famed\/files\/2021\/06\/dia-do-doador-200x200.jpeg 200w\" sizes=\"(max-width: 720px) 100vw, 720px\" \/><\/a><\/p>\n<p>Fonte: https:\/\/ccs2.ufpel.edu.br\/wp\/2021\/06\/14\/csqv-divulga-o-dia-mundial-do-doador-de-sangue\/<\/p>\n","protected":false},"excerpt":{"rendered":"<p>A doa\u00e7\u00e3o de sangue \u00e9 o processo pelo qual um doador volunt\u00e1rio tem seu sangue coletado e armazenado em um banco de sangue ou hemocentro, para uso subsequente em transfus\u00f5es de sangue. A quantidade de sangue retirada n\u00e3o afeta a sa\u00fade do doador, pois a recupera\u00e7\u00e3o ocorre imediatamente ap\u00f3s a doa\u00e7\u00e3o. Uma pessoa adulta tem, [&hellip;]<\/p>\n","protected":false},"author":166,"featured_media":0,"comment_status":"closed","ping_status":"closed","sticky":false,"template":"","format":"standard","meta":{"jetpack_post_was_ever_published":false,"_jetpack_newsletter_access":"","_jetpack_dont_email_post_to_subs":false,"_jetpack_newsletter_tier_id":0,"_jetpack_memberships_contains_paywalled_content":false,"_jetpack_memberships_contains_paid_content":false,"footnotes":"","jetpack_publicize_message":"","jetpack_publicize_feature_enabled":true,"jetpack_social_post_already_shared":true,"jetpack_social_options":{"image_generator_settings":{"template":"highway","default_image_id":0,"font":"","enabled":false},"version":2}},"categories":[18],"tags":[],"class_list":["post-1859","post","type-post","status-publish","format-standard","hentry","category-noticias"],"jetpack_publicize_connections":[],"jetpack_featured_media_url":"","jetpack_sharing_enabled":true,"jetpack_shortlink":"https:\/\/wp.me\/p8YhqL-tZ","_links":{"self":[{"href":"https:\/\/wp.ufpel.edu.br\/famed\/wp-json\/wp\/v2\/posts\/1859","targetHints":{"allow":["GET"]}}],"collection":[{"href":"https:\/\/wp.ufpel.edu.br\/famed\/wp-json\/wp\/v2\/posts"}],"about":[{"href":"https:\/\/wp.ufpel.edu.br\/famed\/wp-json\/wp\/v2\/types\/post"}],"author":[{"embeddable":true,"href":"https:\/\/wp.ufpel.edu.br\/famed\/wp-json\/wp\/v2\/users\/166"}],"replies":[{"embeddable":true,"href":"https:\/\/wp.ufpel.edu.br\/famed\/wp-json\/wp\/v2\/comments?post=1859"}],"version-history":[{"count":2,"href":"https:\/\/wp.ufpel.edu.br\/famed\/wp-json\/wp\/v2\/posts\/1859\/revisions"}],"predecessor-version":[{"id":1863,"href":"https:\/\/wp.ufpel.edu.br\/famed\/wp-json\/wp\/v2\/posts\/1859\/revisions\/1863"}],"wp:attachment":[{"href":"https:\/\/wp.ufpel.edu.br\/famed\/wp-json\/wp\/v2\/media?parent=1859"}],"wp:term":[{"taxonomy":"category","embeddable":true,"href":"https:\/\/wp.ufpel.edu.br\/famed\/wp-json\/wp\/v2\/categories?post=1859"},{"taxonomy":"post_tag","embeddable":true,"href":"https:\/\/wp.ufpel.edu.br\/famed\/wp-json\/wp\/v2\/tags?post=1859"}],"curies":[{"name":"wp","href":"https:\/\/api.w.org\/{rel}","templated":true}]}}