{"id":1826,"date":"2021-05-25T14:07:58","date_gmt":"2021-05-25T17:07:58","guid":{"rendered":"https:\/\/wp.ufpel.edu.br\/famed\/?p=1826"},"modified":"2021-05-25T14:09:31","modified_gmt":"2021-05-25T17:09:31","slug":"edital-coodec-08-2021-contratacao-de-professor-substituto","status":"publish","type":"post","link":"https:\/\/wp.ufpel.edu.br\/famed\/2021\/05\/25\/edital-coodec-08-2021-contratacao-de-professor-substituto\/","title":{"rendered":"Edital COODEC 08\/2021 \u2013 Contrata\u00e7\u00e3o de Professor Substituto"},"content":{"rendered":"<p>A Faculdade de Medicina da UFPel est\u00e1 com vagas abertas para Professor Substituto na \u00e1rea de Cl\u00ednica M\u00e9dica, conforme abaixo:<\/p>\n<table style=\"width: 756px;height: 161px\">\n<tbody>\n<tr style=\"height: 53px\">\n<td style=\"width: 134px;height: 53px\" width=\"144\">Unidade<\/td>\n<td style=\"width: 72px;height: 53px\" width=\"81\">Vagas\/CH<\/td>\n<td style=\"width: 201px;height: 53px\" width=\"151\">\u00c1rea<\/td>\n<td style=\"width: 349px;height: 53px\" width=\"200\">Titula\u00e7\u00e3o Exigida<\/td>\n<\/tr>\n<tr style=\"height: 70px\">\n<td style=\"width: 134px;height: 70px\" width=\"144\">Departamento de Cl\u00ednica M\u00e9dica\/ FAMED<\/td>\n<td style=\"width: 72px;height: 70px\" width=\"81\">01 vaga\u00a0 \u00a0 \u00a0 \u00a0 \u00a040h<\/td>\n<td style=\"width: 201px;height: 70px\" width=\"151\">Cl\u00ednica M\u00e9dica: Urg\u00eancia e Emerg\u00eancia OU Medicina Intensiva<\/td>\n<td style=\"width: 349px;height: 70px\" width=\"200\">Gradua\u00e7\u00e3o em Medicina COM Resid\u00eancia\u00a0 \u00a0 OU Especializa\u00e7\u00e3o em Urg\u00eancia e Emerg\u00eancia OU Medicina Intensiva<\/td>\n<\/tr>\n<tr style=\"height: 38px\">\n<td style=\"width: 134px;height: 38px\" width=\"144\">Departamento de Cl\u00ednica M\u00e9dica\/ FAMED<\/td>\n<td style=\"width: 72px;height: 38px\" width=\"81\">01 vaga\u00a0 \u00a0 \u00a0 \u00a0 \u00a040h<\/td>\n<td style=\"width: 201px;height: 38px\" width=\"151\">Cl\u00ednica M\u00e9dica: Hematologia<\/td>\n<td style=\"width: 349px;height: 38px\" width=\"200\">Gradua\u00e7\u00e3o em Medicina COM Resid\u00eancia\u00a0 \u00a0 OU Especializa\u00e7\u00e3o em Hematologia<\/td>\n<\/tr>\n<\/tbody>\n<\/table>\n<p>&nbsp;<\/p>\n<p>As inscri\u00e7\u00f5es podem ser feitas entre as 10 horas do dia 21 de maio de 2021 (sexta-feira) at\u00e9 as 23h59min do dia 30 de maio de 2021 (domingo), exclusivamente pela INTERNET.<\/p>\n<p>Confira o edital e demais informa\u00e7\u00f5es no site da COODEC acessando o link: https:\/\/concursos.ufpel.edu.br\/wp\/<\/p>\n","protected":false},"excerpt":{"rendered":"<p>A Faculdade de Medicina da UFPel est\u00e1 com vagas abertas para Professor Substituto na \u00e1rea de Cl\u00ednica M\u00e9dica, conforme abaixo: Unidade Vagas\/CH \u00c1rea Titula\u00e7\u00e3o Exigida Departamento de Cl\u00ednica M\u00e9dica\/ FAMED 01 vaga\u00a0 \u00a0 \u00a0 \u00a0 \u00a040h Cl\u00ednica M\u00e9dica: Urg\u00eancia e Emerg\u00eancia OU Medicina Intensiva Gradua\u00e7\u00e3o em Medicina COM Resid\u00eancia\u00a0 \u00a0 OU Especializa\u00e7\u00e3o em Urg\u00eancia e [&hellip;]<\/p>\n","protected":false},"author":166,"featured_media":0,"comment_status":"closed","ping_status":"closed","sticky":false,"template":"","format":"standard","meta":{"jetpack_post_was_ever_published":false,"_jetpack_newsletter_access":"","_jetpack_dont_email_post_to_subs":false,"_jetpack_newsletter_tier_id":0,"_jetpack_memberships_contains_paywalled_content":false,"_jetpack_memberships_contains_paid_content":false,"footnotes":"","jetpack_publicize_message":"","jetpack_publicize_feature_enabled":true,"jetpack_social_post_already_shared":true,"jetpack_social_options":{"image_generator_settings":{"template":"highway","default_image_id":0,"font":"","enabled":false},"version":2}},"categories":[18],"tags":[],"class_list":["post-1826","post","type-post","status-publish","format-standard","hentry","category-noticias"],"jetpack_publicize_connections":[],"jetpack_featured_media_url":"","jetpack_sharing_enabled":true,"jetpack_shortlink":"https:\/\/wp.me\/p8YhqL-ts","_links":{"self":[{"href":"https:\/\/wp.ufpel.edu.br\/famed\/wp-json\/wp\/v2\/posts\/1826","targetHints":{"allow":["GET"]}}],"collection":[{"href":"https:\/\/wp.ufpel.edu.br\/famed\/wp-json\/wp\/v2\/posts"}],"about":[{"href":"https:\/\/wp.ufpel.edu.br\/famed\/wp-json\/wp\/v2\/types\/post"}],"author":[{"embeddable":true,"href":"https:\/\/wp.ufpel.edu.br\/famed\/wp-json\/wp\/v2\/users\/166"}],"replies":[{"embeddable":true,"href":"https:\/\/wp.ufpel.edu.br\/famed\/wp-json\/wp\/v2\/comments?post=1826"}],"version-history":[{"count":10,"href":"https:\/\/wp.ufpel.edu.br\/famed\/wp-json\/wp\/v2\/posts\/1826\/revisions"}],"predecessor-version":[{"id":1837,"href":"https:\/\/wp.ufpel.edu.br\/famed\/wp-json\/wp\/v2\/posts\/1826\/revisions\/1837"}],"wp:attachment":[{"href":"https:\/\/wp.ufpel.edu.br\/famed\/wp-json\/wp\/v2\/media?parent=1826"}],"wp:term":[{"taxonomy":"category","embeddable":true,"href":"https:\/\/wp.ufpel.edu.br\/famed\/wp-json\/wp\/v2\/categories?post=1826"},{"taxonomy":"post_tag","embeddable":true,"href":"https:\/\/wp.ufpel.edu.br\/famed\/wp-json\/wp\/v2\/tags?post=1826"}],"curies":[{"name":"wp","href":"https:\/\/api.w.org\/{rel}","templated":true}]}}